{"id":6216,"date":"2022-09-27T15:14:41","date_gmt":"2022-09-27T13:14:41","guid":{"rendered":"https:\/\/www.gastein.com\/blog\/?p=6216"},"modified":"2025-06-16T15:23:16","modified_gmt":"2025-06-16T13:23:16","slug":"erntedank-tradition-in-gastein","status":"publish","type":"post","link":"https:\/\/www.gastein.com\/blog\/erntedank-tradition-in-gastein\/","title":{"rendered":"Erntedank"},"content":{"rendered":"<h1>Erntedankfest Gastein<\/h1>\n<p>Die Erntekrone ist ein traditionelles Symbol f\u00fcr die Dankbarkeit der Bauern f\u00fcr den Ertrag in der Landwirtschaft sowie in den G\u00e4rten.<\/p>\n<p>Die Krone besteht in Gastein aus sechs Str\u00e4ngen, jeweils zwei die mit Buchs, Getreide und Heu gewickelt werden. Das Heu steht f\u00fcr die Gr\u00fcnlandwirtschaft (Viehlandwirtschaft) und das Getreide f\u00fcr die t\u00e4gliche Nahrung der Bev\u00f6lkerung. In der Mitte der Erntekrone befinden sich Gaben, die aus der Ernte entstanden sind.<\/p>\n<p>Jedes Jahr trifft sich die Landjugend Gastein mit ihren Mitgliedern zum Binden der Erntekrone. Die Blumen f\u00fcr den Kranz, der um die Krone gelegt wird, werden von den B\u00e4uerinnen \u00fcber das ganze Jahr sorgf\u00e4ltig gepflegt!<\/p>\n<p>Ca. 20 Personen arbeiten 10 Stunden bis das Kunstwerk aus Naturgaben fertig gestellt ist. In Feinarbeit werden Buchs, Getreide und Heu mit Draht oder N\u00e4hgarn zu den sechs Str\u00e4ngen gefertigt.<\/p>\n<p>Am Ende entsteht eine pr\u00e4chtige Krone, mit der die Landjugend gemeinsam mit der Bauernschaft in die Kirche einzieht, dort wird sie gesegnet. Vier M\u00e4dchen der Landjugend tragen die festlich geschm\u00fcckte Erntekrone in die Kirche. \u00dcblicherweise verbleibt die Krone beim Altar, bis der Bauernherbst vor\u00fcber ist.<\/p>\n<p>Alle Vier Jahre veranstaltet die Landjugend den gro\u00dfen Erntedankumzug durch Bad Hofgastein. Dort wird die Erntekrone ebenfalls auf einem der Wagen mit 4 Mitgliedern der Landjugend pr\u00e4sentiert. Insgesamt ziehen ca. 40 Wagen der \u00f6rtlichen Bauernschaft durch das Zentrum, welche das b\u00e4uerliche Handwerk darstellen. Vom Handarbeitswagen \u00fcber den Gem\u00fcsewagen, Dreschwagen bis hin zum Holzknechtwagen stellen die aufwendig geschm\u00fcckten Gespanne den landwirtschaftlichen Jahreskreis dar.<\/p>\n<p>Der Umzug endet feierlich mit dem Ernteball.<\/p>\n<p>&nbsp;<\/p>\n<div id='gallery-1' class='gallery galleryid-6216 gallery-columns-3 gallery-size-thumbnail'><figure class='gallery-item'>\n\t\t\t<div class='gallery-icon landscape'>\n\t\t\t\t<a href='https:\/\/www.gastein.com\/blog\/wp-content\/uploads\/2022\/09\/Erntedank-Umzug-2022-c-Gasteinertal-Tourismus-GmbH-Fotoatelier-Wolkersdorfer-1-scaled.jpg'><img width=\"150\" height=\"150\" src=\"https:\/\/www.gastein.com\/blog\/wp-content\/uploads\/2022\/09\/Erntedank-Umzug-2022-c-Gasteinertal-Tourismus-GmbH-Fotoatelier-Wolkersdorfer-1-150x150.jpg\" class=\"attachment-thumbnail size-thumbnail\" alt=\"\" loading=\"lazy\" srcset=\"https:\/\/www.gastein.com\/blog\/wp-content\/uploads\/2022\/09\/Erntedank-Umzug-2022-c-Gasteinertal-Tourismus-GmbH-Fotoatelier-Wolkersdorfer-1-150x150.jpg 150w, https:\/\/www.gastein.com\/blog\/wp-content\/uploads\/2022\/09\/Erntedank-Umzug-2022-c-Gasteinertal-Tourismus-GmbH-Fotoatelier-Wolkersdorfer-1-45x45.jpg 45w, https:\/\/www.gastein.com\/blog\/wp-content\/uploads\/2022\/09\/Erntedank-Umzug-2022-c-Gasteinertal-Tourismus-GmbH-Fotoatelier-Wolkersdorfer-1-96x96.jpg 96w\" sizes=\"(max-width: 150px) 100vw, 150px\" \/><\/a>\n\t\t\t<\/div><\/figure><figure class='gallery-item'>\n\t\t\t<div class='gallery-icon portrait'>\n\t\t\t\t<a href='https:\/\/www.gastein.com\/blog\/wp-content\/uploads\/2022\/09\/Erntedank-Umzug-2022-c-Gasteinertal-Tourismus-GmbH-Fotoatelier-Wolkersdorfer-24-scaled.jpg'><img width=\"150\" height=\"150\" src=\"https:\/\/www.gastein.com\/blog\/wp-content\/uploads\/2022\/09\/Erntedank-Umzug-2022-c-Gasteinertal-Tourismus-GmbH-Fotoatelier-Wolkersdorfer-24-150x150.jpg\" class=\"attachment-thumbnail size-thumbnail\" alt=\"\" loading=\"lazy\" srcset=\"https:\/\/www.gastein.com\/blog\/wp-content\/uploads\/2022\/09\/Erntedank-Umzug-2022-c-Gasteinertal-Tourismus-GmbH-Fotoatelier-Wolkersdorfer-24-150x150.jpg 150w, https:\/\/www.gastein.com\/blog\/wp-content\/uploads\/2022\/09\/Erntedank-Umzug-2022-c-Gasteinertal-Tourismus-GmbH-Fotoatelier-Wolkersdorfer-24-45x45.jpg 45w, https:\/\/www.gastein.com\/blog\/wp-content\/uploads\/2022\/09\/Erntedank-Umzug-2022-c-Gasteinertal-Tourismus-GmbH-Fotoatelier-Wolkersdorfer-24-96x96.jpg 96w\" sizes=\"(max-width: 150px) 100vw, 150px\" \/><\/a>\n\t\t\t<\/div><\/figure><figure class='gallery-item'>\n\t\t\t<div class='gallery-icon portrait'>\n\t\t\t\t<a href='https:\/\/www.gastein.com\/blog\/wp-content\/uploads\/2022\/09\/Erntedank-Umzug-2022-c-Gasteinertal-Tourismus-GmbH-Fotoatelier-Wolkersdorfer-48-scaled.jpg'><img width=\"150\" height=\"150\" src=\"https:\/\/www.gastein.com\/blog\/wp-content\/uploads\/2022\/09\/Erntedank-Umzug-2022-c-Gasteinertal-Tourismus-GmbH-Fotoatelier-Wolkersdorfer-48-150x150.jpg\" class=\"attachment-thumbnail size-thumbnail\" alt=\"\" loading=\"lazy\" srcset=\"https:\/\/www.gastein.com\/blog\/wp-content\/uploads\/2022\/09\/Erntedank-Umzug-2022-c-Gasteinertal-Tourismus-GmbH-Fotoatelier-Wolkersdorfer-48-150x150.jpg 150w, https:\/\/www.gastein.com\/blog\/wp-content\/uploads\/2022\/09\/Erntedank-Umzug-2022-c-Gasteinertal-Tourismus-GmbH-Fotoatelier-Wolkersdorfer-48-45x45.jpg 45w, https:\/\/www.gastein.com\/blog\/wp-content\/uploads\/2022\/09\/Erntedank-Umzug-2022-c-Gasteinertal-Tourismus-GmbH-Fotoatelier-Wolkersdorfer-48-96x96.jpg 96w\" sizes=\"(max-width: 150px) 100vw, 150px\" \/><\/a>\n\t\t\t<\/div><\/figure><figure class='gallery-item'>\n\t\t\t<div class='gallery-icon portrait'>\n\t\t\t\t<a href='https:\/\/www.gastein.com\/blog\/wp-content\/uploads\/2022\/09\/Erntedank-Umzug-2022-c-Gasteinertal-Tourismus-GmbH-Fotoatelier-Wolkersdorfer-78-scaled.jpg'><img width=\"150\" height=\"150\" src=\"https:\/\/www.gastein.com\/blog\/wp-content\/uploads\/2022\/09\/Erntedank-Umzug-2022-c-Gasteinertal-Tourismus-GmbH-Fotoatelier-Wolkersdorfer-78-150x150.jpg\" class=\"attachment-thumbnail size-thumbnail\" alt=\"\" loading=\"lazy\" srcset=\"https:\/\/www.gastein.com\/blog\/wp-content\/uploads\/2022\/09\/Erntedank-Umzug-2022-c-Gasteinertal-Tourismus-GmbH-Fotoatelier-Wolkersdorfer-78-150x150.jpg 150w, https:\/\/www.gastein.com\/blog\/wp-content\/uploads\/2022\/09\/Erntedank-Umzug-2022-c-Gasteinertal-Tourismus-GmbH-Fotoatelier-Wolkersdorfer-78-45x45.jpg 45w, https:\/\/www.gastein.com\/blog\/wp-content\/uploads\/2022\/09\/Erntedank-Umzug-2022-c-Gasteinertal-Tourismus-GmbH-Fotoatelier-Wolkersdorfer-78-96x96.jpg 96w\" sizes=\"(max-width: 150px) 100vw, 150px\" \/><\/a>\n\t\t\t<\/div><\/figure><figure class='gallery-item'>\n\t\t\t<div class='gallery-icon landscape'>\n\t\t\t\t<a href='https:\/\/www.gastein.com\/blog\/wp-content\/uploads\/2022\/09\/Erntedank-Umzug-2022-c-Gasteinertal-Tourismus-GmbH-Fotoatelier-Wolkersdorfer-93-scaled.jpg'><img width=\"150\" height=\"150\" src=\"https:\/\/www.gastein.com\/blog\/wp-content\/uploads\/2022\/09\/Erntedank-Umzug-2022-c-Gasteinertal-Tourismus-GmbH-Fotoatelier-Wolkersdorfer-93-150x150.jpg\" class=\"attachment-thumbnail size-thumbnail\" alt=\"\" loading=\"lazy\" srcset=\"https:\/\/www.gastein.com\/blog\/wp-content\/uploads\/2022\/09\/Erntedank-Umzug-2022-c-Gasteinertal-Tourismus-GmbH-Fotoatelier-Wolkersdorfer-93-150x150.jpg 150w, https:\/\/www.gastein.com\/blog\/wp-content\/uploads\/2022\/09\/Erntedank-Umzug-2022-c-Gasteinertal-Tourismus-GmbH-Fotoatelier-Wolkersdorfer-93-45x45.jpg 45w, https:\/\/www.gastein.com\/blog\/wp-content\/uploads\/2022\/09\/Erntedank-Umzug-2022-c-Gasteinertal-Tourismus-GmbH-Fotoatelier-Wolkersdorfer-93-96x96.jpg 96w\" sizes=\"(max-width: 150px) 100vw, 150px\" \/><\/a>\n\t\t\t<\/div><\/figure><figure class='gallery-item'>\n\t\t\t<div class='gallery-icon landscape'>\n\t\t\t\t<a href='https:\/\/www.gastein.com\/blog\/wp-content\/uploads\/2022\/09\/Erntedank-Umzug-2022-c-Gasteinertal-Tourismus-GmbH-Fotoatelier-Wolkersdorfer-94-scaled.jpg'><img width=\"150\" height=\"150\" src=\"https:\/\/www.gastein.com\/blog\/wp-content\/uploads\/2022\/09\/Erntedank-Umzug-2022-c-Gasteinertal-Tourismus-GmbH-Fotoatelier-Wolkersdorfer-94-150x150.jpg\" class=\"attachment-thumbnail size-thumbnail\" alt=\"\" loading=\"lazy\" srcset=\"https:\/\/www.gastein.com\/blog\/wp-content\/uploads\/2022\/09\/Erntedank-Umzug-2022-c-Gasteinertal-Tourismus-GmbH-Fotoatelier-Wolkersdorfer-94-150x150.jpg 150w, https:\/\/www.gastein.com\/blog\/wp-content\/uploads\/2022\/09\/Erntedank-Umzug-2022-c-Gasteinertal-Tourismus-GmbH-Fotoatelier-Wolkersdorfer-94-45x45.jpg 45w, https:\/\/www.gastein.com\/blog\/wp-content\/uploads\/2022\/09\/Erntedank-Umzug-2022-c-Gasteinertal-Tourismus-GmbH-Fotoatelier-Wolkersdorfer-94-96x96.jpg 96w\" sizes=\"(max-width: 150px) 100vw, 150px\" \/><\/a>\n\t\t\t<\/div><\/figure><figure class='gallery-item'>\n\t\t\t<div class='gallery-icon portrait'>\n\t\t\t\t<a href='https:\/\/www.gastein.com\/blog\/wp-content\/uploads\/2022\/09\/Erntedank-Umzug-2022-c-Gasteinertal-Tourismus-GmbH-Fotoatelier-Wolkersdorfer-117-scaled.jpg'><img width=\"150\" height=\"150\" src=\"https:\/\/www.gastein.com\/blog\/wp-content\/uploads\/2022\/09\/Erntedank-Umzug-2022-c-Gasteinertal-Tourismus-GmbH-Fotoatelier-Wolkersdorfer-117-150x150.jpg\" class=\"attachment-thumbnail size-thumbnail\" alt=\"\" loading=\"lazy\" srcset=\"https:\/\/www.gastein.com\/blog\/wp-content\/uploads\/2022\/09\/Erntedank-Umzug-2022-c-Gasteinertal-Tourismus-GmbH-Fotoatelier-Wolkersdorfer-117-150x150.jpg 150w, https:\/\/www.gastein.com\/blog\/wp-content\/uploads\/2022\/09\/Erntedank-Umzug-2022-c-Gasteinertal-Tourismus-GmbH-Fotoatelier-Wolkersdorfer-117-45x45.jpg 45w, https:\/\/www.gastein.com\/blog\/wp-content\/uploads\/2022\/09\/Erntedank-Umzug-2022-c-Gasteinertal-Tourismus-GmbH-Fotoatelier-Wolkersdorfer-117-96x96.jpg 96w\" sizes=\"(max-width: 150px) 100vw, 150px\" \/><\/a>\n\t\t\t<\/div><\/figure><figure class='gallery-item'>\n\t\t\t<div class='gallery-icon landscape'>\n\t\t\t\t<a href='https:\/\/www.gastein.com\/blog\/wp-content\/uploads\/2022\/09\/Erntedank-Umzug-2022-c-Gasteinertal-Tourismus-GmbH-Fotoatelier-Wolkersdorfer-125-scaled.jpg'><img width=\"150\" height=\"150\" src=\"https:\/\/www.gastein.com\/blog\/wp-content\/uploads\/2022\/09\/Erntedank-Umzug-2022-c-Gasteinertal-Tourismus-GmbH-Fotoatelier-Wolkersdorfer-125-150x150.jpg\" class=\"attachment-thumbnail size-thumbnail\" alt=\"\" loading=\"lazy\" srcset=\"https:\/\/www.gastein.com\/blog\/wp-content\/uploads\/2022\/09\/Erntedank-Umzug-2022-c-Gasteinertal-Tourismus-GmbH-Fotoatelier-Wolkersdorfer-125-150x150.jpg 150w, https:\/\/www.gastein.com\/blog\/wp-content\/uploads\/2022\/09\/Erntedank-Umzug-2022-c-Gasteinertal-Tourismus-GmbH-Fotoatelier-Wolkersdorfer-125-45x45.jpg 45w, https:\/\/www.gastein.com\/blog\/wp-content\/uploads\/2022\/09\/Erntedank-Umzug-2022-c-Gasteinertal-Tourismus-GmbH-Fotoatelier-Wolkersdorfer-125-96x96.jpg 96w\" sizes=\"(max-width: 150px) 100vw, 150px\" \/><\/a>\n\t\t\t<\/div><\/figure><figure class='gallery-item'>\n\t\t\t<div class='gallery-icon portrait'>\n\t\t\t\t<a href='https:\/\/www.gastein.com\/blog\/wp-content\/uploads\/2022\/09\/Erntedank-Umzug-2022-c-Gasteinertal-Tourismus-GmbH-Fotoatelier-Wolkersdorfer-130-scaled.jpg'><img width=\"150\" height=\"150\" src=\"https:\/\/www.gastein.com\/blog\/wp-content\/uploads\/2022\/09\/Erntedank-Umzug-2022-c-Gasteinertal-Tourismus-GmbH-Fotoatelier-Wolkersdorfer-130-150x150.jpg\" class=\"attachment-thumbnail size-thumbnail\" alt=\"\" loading=\"lazy\" srcset=\"https:\/\/www.gastein.com\/blog\/wp-content\/uploads\/2022\/09\/Erntedank-Umzug-2022-c-Gasteinertal-Tourismus-GmbH-Fotoatelier-Wolkersdorfer-130-150x150.jpg 150w, https:\/\/www.gastein.com\/blog\/wp-content\/uploads\/2022\/09\/Erntedank-Umzug-2022-c-Gasteinertal-Tourismus-GmbH-Fotoatelier-Wolkersdorfer-130-45x45.jpg 45w, https:\/\/www.gastein.com\/blog\/wp-content\/uploads\/2022\/09\/Erntedank-Umzug-2022-c-Gasteinertal-Tourismus-GmbH-Fotoatelier-Wolkersdorfer-130-96x96.jpg 96w\" sizes=\"(max-width: 150px) 100vw, 150px\" \/><\/a>\n\t\t\t<\/div><\/figure><figure class='gallery-item'>\n\t\t\t<div class='gallery-icon landscape'>\n\t\t\t\t<a href='https:\/\/www.gastein.com\/blog\/wp-content\/uploads\/2022\/09\/Erntedank-Umzug-2022-c-Gasteinertal-Tourismus-GmbH-Fotoatelier-Wolkersdorfer-139-scaled.jpg'><img width=\"150\" height=\"150\" src=\"https:\/\/www.gastein.com\/blog\/wp-content\/uploads\/2022\/09\/Erntedank-Umzug-2022-c-Gasteinertal-Tourismus-GmbH-Fotoatelier-Wolkersdorfer-139-150x150.jpg\" class=\"attachment-thumbnail size-thumbnail\" alt=\"\" loading=\"lazy\" srcset=\"https:\/\/www.gastein.com\/blog\/wp-content\/uploads\/2022\/09\/Erntedank-Umzug-2022-c-Gasteinertal-Tourismus-GmbH-Fotoatelier-Wolkersdorfer-139-150x150.jpg 150w, https:\/\/www.gastein.com\/blog\/wp-content\/uploads\/2022\/09\/Erntedank-Umzug-2022-c-Gasteinertal-Tourismus-GmbH-Fotoatelier-Wolkersdorfer-139-45x45.jpg 45w, https:\/\/www.gastein.com\/blog\/wp-content\/uploads\/2022\/09\/Erntedank-Umzug-2022-c-Gasteinertal-Tourismus-GmbH-Fotoatelier-Wolkersdorfer-139-96x96.jpg 96w\" sizes=\"(max-width: 150px) 100vw, 150px\" \/><\/a>\n\t\t\t<\/div><\/figure><figure class='gallery-item'>\n\t\t\t<div class='gallery-icon landscape'>\n\t\t\t\t<a href='https:\/\/www.gastein.com\/blog\/wp-content\/uploads\/2022\/09\/Erntedank-Umzug-2022-c-Gasteinertal-Tourismus-GmbH-Fotoatelier-Wolkersdorfer-20-scaled.jpg'><img width=\"150\" height=\"150\" src=\"https:\/\/www.gastein.com\/blog\/wp-content\/uploads\/2022\/09\/Erntedank-Umzug-2022-c-Gasteinertal-Tourismus-GmbH-Fotoatelier-Wolkersdorfer-20-150x150.jpg\" class=\"attachment-thumbnail size-thumbnail\" alt=\"\" loading=\"lazy\" srcset=\"https:\/\/www.gastein.com\/blog\/wp-content\/uploads\/2022\/09\/Erntedank-Umzug-2022-c-Gasteinertal-Tourismus-GmbH-Fotoatelier-Wolkersdorfer-20-150x150.jpg 150w, https:\/\/www.gastein.com\/blog\/wp-content\/uploads\/2022\/09\/Erntedank-Umzug-2022-c-Gasteinertal-Tourismus-GmbH-Fotoatelier-Wolkersdorfer-20-45x45.jpg 45w, https:\/\/www.gastein.com\/blog\/wp-content\/uploads\/2022\/09\/Erntedank-Umzug-2022-c-Gasteinertal-Tourismus-GmbH-Fotoatelier-Wolkersdorfer-20-96x96.jpg 96w\" sizes=\"(max-width: 150px) 100vw, 150px\" \/><\/a>\n\t\t\t<\/div><\/figure><figure class='gallery-item'>\n\t\t\t<div class='gallery-icon landscape'>\n\t\t\t\t<a href='https:\/\/www.gastein.com\/blog\/wp-content\/uploads\/2022\/09\/Erntedank-Umzug-2022-c-Gasteinertal-Tourismus-GmbH-Fotoatelier-Wolkersdorfer-18-scaled.jpg'><img width=\"150\" height=\"150\" src=\"https:\/\/www.gastein.com\/blog\/wp-content\/uploads\/2022\/09\/Erntedank-Umzug-2022-c-Gasteinertal-Tourismus-GmbH-Fotoatelier-Wolkersdorfer-18-150x150.jpg\" class=\"attachment-thumbnail size-thumbnail\" alt=\"\" loading=\"lazy\" srcset=\"https:\/\/www.gastein.com\/blog\/wp-content\/uploads\/2022\/09\/Erntedank-Umzug-2022-c-Gasteinertal-Tourismus-GmbH-Fotoatelier-Wolkersdorfer-18-150x150.jpg 150w, https:\/\/www.gastein.com\/blog\/wp-content\/uploads\/2022\/09\/Erntedank-Umzug-2022-c-Gasteinertal-Tourismus-GmbH-Fotoatelier-Wolkersdorfer-18-45x45.jpg 45w, https:\/\/www.gastein.com\/blog\/wp-content\/uploads\/2022\/09\/Erntedank-Umzug-2022-c-Gasteinertal-Tourismus-GmbH-Fotoatelier-Wolkersdorfer-18-96x96.jpg 96w\" sizes=\"(max-width: 150px) 100vw, 150px\" \/><\/a>\n\t\t\t<\/div><\/figure>\n\t\t<\/div>\n\n<p>&nbsp;<\/p>\n<p>Egal, ob Hotel, Pension, Urlaub am Bauernhof oder Ferienwohnung.\u00a0<a href=\"https:\/\/www.gastein.com\/unterkuenfte\/suchen-buchen\/\" target=\"_blank\" rel=\"noopener\"><strong>Hier<\/strong>\u00a0<\/a>finden Sie die passende Unterkunft f\u00fcr Ihren Urlaub in Gastein.<\/p>\n","protected":false},"excerpt":{"rendered":"<p>Erntedankfest Gastein Die Erntekrone ist ein traditionelles Symbol f\u00fcr die Dankbarkeit der Bauern f\u00fcr den Ertrag in der Landwirtschaft sowie in den G\u00e4rten. Die Krone besteht in Gastein aus sechs Str\u00e4ngen, jeweils zwei die mit Buchs, Getreide und Heu gewickelt werden. Das Heu steht f\u00fcr&#8230;<\/p>\n","protected":false},"author":29,"featured_media":6229,"comment_status":"closed","ping_status":"closed","sticky":false,"template":"","format":"standard","meta":[],"categories":[44],"tags":[166],"_links":{"self":[{"href":"https:\/\/www.gastein.com\/blog\/wp-json\/wp\/v2\/posts\/6216"}],"collection":[{"href":"https:\/\/www.gastein.com\/blog\/wp-json\/wp\/v2\/posts"}],"about":[{"href":"https:\/\/www.gastein.com\/blog\/wp-json\/wp\/v2\/types\/post"}],"author":[{"embeddable":true,"href":"https:\/\/www.gastein.com\/blog\/wp-json\/wp\/v2\/users\/29"}],"replies":[{"embeddable":true,"href":"https:\/\/www.gastein.com\/blog\/wp-json\/wp\/v2\/comments?post=6216"}],"version-history":[{"count":6,"href":"https:\/\/www.gastein.com\/blog\/wp-json\/wp\/v2\/posts\/6216\/revisions"}],"predecessor-version":[{"id":6512,"href":"https:\/\/www.gastein.com\/blog\/wp-json\/wp\/v2\/posts\/6216\/revisions\/6512"}],"wp:featuredmedia":[{"embeddable":true,"href":"https:\/\/www.gastein.com\/blog\/wp-json\/wp\/v2\/media\/6229"}],"wp:attachment":[{"href":"https:\/\/www.gastein.com\/blog\/wp-json\/wp\/v2\/media?parent=6216"}],"wp:term":[{"taxonomy":"category","embeddable":true,"href":"https:\/\/www.gastein.com\/blog\/wp-json\/wp\/v2\/categories?post=6216"},{"taxonomy":"post_tag","embeddable":true,"href":"https:\/\/www.gastein.com\/blog\/wp-json\/wp\/v2\/tags?post=6216"}],"curies":[{"name":"wp","href":"https:\/\/api.w.org\/{rel}","templated":true}]}}