{"id":6051,"date":"2025-10-06T10:41:47","date_gmt":"2025-10-06T08:41:47","guid":{"rendered":"https:\/\/www.gastein.com\/blog\/?p=6051"},"modified":"2025-09-30T10:12:26","modified_gmt":"2025-09-30T08:12:26","slug":"vom-tal-auf-den-gipfel","status":"publish","type":"post","link":"https:\/\/www.gastein.com\/blog\/vom-tal-auf-den-gipfel\/","title":{"rendered":"Vom Tal auf den Gipfel"},"content":{"rendered":"<h1>Gipfeltouren Gastein<\/h1>\n<p><strong>5.00 Uhr morgens, der Wecker klingelt. Drau\u00dfen ist es noch dunkel und der Nebel liegt noch im Tal, aber heute wird garantiert ein sch\u00f6ner Tag. Ich zieh mir meine warme Jacke an, pack meinen Rucksack, esse noch mein Fr\u00fchst\u00fcck und los geht\u2019s!<\/strong><\/p>\n<p>Diesmal bleibt das Auto stehen und ich starte direkt zu Fu\u00df los auf einen Gipfel, der seit meinem Umzug nach Gastein auf meiner &#8222;To-Wander-Liste&#8220; steht. Erstmal entlang der Stra\u00dfe vorbei an der Windischgr\u00e4tzh\u00f6he bis zum Bauernhof Schachengut. Dann geht es weiter auf einer Forststra\u00dfe, immer den Schildern Richtung Palfnersee nach. Meine <strong><a href=\"https:\/\/www.gastein.com\/erlebnisse\/sport-natur\/wandern\/\">Wanderung<\/a><\/strong> kann beginnen.<\/p>\n<p>Ich bin \u00fcber der Nebeldecke angelangt. Die ersten Sonnenstrahlen kommen \u00fcber die Gipfel und tauchen die Landschaft in goldenes Licht. Ich dreh mich um, um zu sehen wie weit ich schon gekommen bin und mich erwartet bereits jetzt ein atemberaubender Ausblick. Das <a href=\"https:\/\/www.gastein.com\/region\/\"><strong>Gasteinertal<\/strong><\/a>, das noch im Nebel liegt, strahlend blauer Himmel und ein Ausblick weit \u00fcber die Talgrenzen hinweg.<\/p>\n<div id='gallery-1' class='gallery galleryid-6051 gallery-columns-2 gallery-size-full'><figure class='gallery-item'>\n\t\t\t<div class='gallery-icon portrait'>\n\t\t\t\t<a href='https:\/\/www.gastein.com\/blog\/vom-tal-auf-den-gipfel\/img_3656\/'><img width=\"1920\" height=\"2560\" src=\"https:\/\/www.gastein.com\/blog\/wp-content\/uploads\/2021\/10\/IMG_3656-scaled.jpg\" class=\"attachment-full size-full\" alt=\"Blick ins Gasteinertal, welches mit Nebel bedeckt ist bei einer Wanderung\" loading=\"lazy\" srcset=\"https:\/\/www.gastein.com\/blog\/wp-content\/uploads\/2021\/10\/IMG_3656-scaled.jpg 1920w, https:\/\/www.gastein.com\/blog\/wp-content\/uploads\/2021\/10\/IMG_3656-225x300.jpg 225w, https:\/\/www.gastein.com\/blog\/wp-content\/uploads\/2021\/10\/IMG_3656-1125x1500.jpg 1125w, https:\/\/www.gastein.com\/blog\/wp-content\/uploads\/2021\/10\/IMG_3656-768x1024.jpg 768w, https:\/\/www.gastein.com\/blog\/wp-content\/uploads\/2021\/10\/IMG_3656-1152x1536.jpg 1152w, https:\/\/www.gastein.com\/blog\/wp-content\/uploads\/2021\/10\/IMG_3656-1536x2048.jpg 1536w, https:\/\/www.gastein.com\/blog\/wp-content\/uploads\/2021\/10\/IMG_3656-640x853.jpg 640w, https:\/\/www.gastein.com\/blog\/wp-content\/uploads\/2021\/10\/IMG_3656-150x200.jpg 150w\" sizes=\"(max-width: 1920px) 100vw, 1920px\" \/><\/a>\n\t\t\t<\/div><\/figure><figure class='gallery-item'>\n\t\t\t<div class='gallery-icon portrait'>\n\t\t\t\t<a href='https:\/\/www.gastein.com\/blog\/vom-tal-auf-den-gipfel\/img_3666\/'><img width=\"1920\" height=\"2560\" src=\"https:\/\/www.gastein.com\/blog\/wp-content\/uploads\/2021\/10\/IMG_3666-scaled.jpg\" class=\"attachment-full size-full\" alt=\"Blick ins Gasteinertal, welches mit Nebel bedeckt ist\" loading=\"lazy\" srcset=\"https:\/\/www.gastein.com\/blog\/wp-content\/uploads\/2021\/10\/IMG_3666-scaled.jpg 1920w, https:\/\/www.gastein.com\/blog\/wp-content\/uploads\/2021\/10\/IMG_3666-225x300.jpg 225w, https:\/\/www.gastein.com\/blog\/wp-content\/uploads\/2021\/10\/IMG_3666-1125x1500.jpg 1125w, https:\/\/www.gastein.com\/blog\/wp-content\/uploads\/2021\/10\/IMG_3666-768x1024.jpg 768w, https:\/\/www.gastein.com\/blog\/wp-content\/uploads\/2021\/10\/IMG_3666-1152x1536.jpg 1152w, https:\/\/www.gastein.com\/blog\/wp-content\/uploads\/2021\/10\/IMG_3666-1536x2048.jpg 1536w, https:\/\/www.gastein.com\/blog\/wp-content\/uploads\/2021\/10\/IMG_3666-640x853.jpg 640w, https:\/\/www.gastein.com\/blog\/wp-content\/uploads\/2021\/10\/IMG_3666-150x200.jpg 150w\" sizes=\"(max-width: 1920px) 100vw, 1920px\" \/><\/a>\n\t\t\t<\/div><\/figure>\n\t\t<\/div>\n\n<p>Weiter geht es durch den Wald vorbei an der Palfner Heimalm und \u00fcber den Palfnergraben. Es ist noch so fr\u00fch, dass ich ganz alleine unterwegs bin und mir niemand begegnet. Die einzigen Weggef\u00e4hrten sind ein paar K\u00fche, die in aller Ruhe durch den Wald stapfen, grasen und mich mit Glockengel\u00e4ute begleiten.<\/p>\n<h2>Berge, Sonne und Ruhe im Herbsturlaub<\/h2>\n<p>Langsam wird der Wald lichter und auch die Sonne ist bereits \u00fcber den Gipfeln sichtbar. Ich sp\u00fcre die ersten warmen Sonnenstrahlen im Gesicht. Angekommen auf der Palfner Hochalm, erwartet mich eine alte, verfallene H\u00fctte. Hier beginnt auch die Kernzone des <a href=\"https:\/\/www.gastein.com\/region\/berge-therme\/nationalpark-hohe-tauern\/\" target=\"_blank\" rel=\"noopener\"><strong>Nationalparks Hohe Tauern<\/strong><\/a>. Von hier f\u00fchrt ein Steig zum Palfnersee. Links und rechts ist die Landschaft bereits in einem bunten Herbstkleid. Die Bl\u00e4tter f\u00e4rben sich in die sch\u00f6nsten Gelb- und Oranget\u00f6ne. Jetzt ist es nicht mehr weit zum Palfnersee.<\/p>\n<p>Ein glasklarer und von hohen Bergspitzen umgebener <a href=\"https:\/\/www.gastein.com\/blog\/seen-wandertipps\/\" target=\"_blank\" rel=\"noopener\"><strong>Bergsee<\/strong> <\/a>erwartet mich. Hier mache ich meine erste Pause. Ganz alleine sitze ich hier am See und bestaune das glasklare Wasser, in dem sich die Berge spiegeln, w\u00e4hrend ich meine Jause auspacke und zu essen beginne. Es herrscht absolute Stille, ich h\u00f6re nur zwischendurch den Wind \u00fcber die Bergspitzen pfeifen oder einen Vogel in der Ferne leise zwitschern.<\/p>\n<p><img loading=\"lazy\" class=\"alignnone wp-image-6055 size-large\" src=\"https:\/\/www.gastein.com\/blog\/wp-content\/uploads\/2021\/10\/IMG_3685-1125x1500.jpg\" alt=\"Blick auf den Bergsee in Gastein und im Hintergrund die Berge mit Sonnenschein\" width=\"1125\" height=\"1500\" srcset=\"https:\/\/www.gastein.com\/blog\/wp-content\/uploads\/2021\/10\/IMG_3685-1125x1500.jpg 1125w, https:\/\/www.gastein.com\/blog\/wp-content\/uploads\/2021\/10\/IMG_3685-225x300.jpg 225w, https:\/\/www.gastein.com\/blog\/wp-content\/uploads\/2021\/10\/IMG_3685-768x1024.jpg 768w, https:\/\/www.gastein.com\/blog\/wp-content\/uploads\/2021\/10\/IMG_3685-1152x1536.jpg 1152w, https:\/\/www.gastein.com\/blog\/wp-content\/uploads\/2021\/10\/IMG_3685-1536x2048.jpg 1536w, https:\/\/www.gastein.com\/blog\/wp-content\/uploads\/2021\/10\/IMG_3685-640x853.jpg 640w, https:\/\/www.gastein.com\/blog\/wp-content\/uploads\/2021\/10\/IMG_3685-150x200.jpg 150w, https:\/\/www.gastein.com\/blog\/wp-content\/uploads\/2021\/10\/IMG_3685-scaled.jpg 1920w\" sizes=\"(max-width: 1125px) 100vw, 1125px\" \/><\/p>\n<h2>Die K\u00f6nigin der Alpenh\u00f6lzer<\/h2>\n<p>Ich bin aber noch nicht am Ziel meiner Wanderung angelangt, deswegen geht es jetzt weiter! Entlang des <a href=\"https:\/\/www.gastein.com\/region\/berge-therme\/erlebnisberg-graukogel\/\" target=\"_blank\" rel=\"noopener\"><strong>Zirbenweges<\/strong> <\/a>in Richtung Graukogel Bergstation. Der Geruch der \u201eK\u00f6nigin der Alpenh\u00f6lzer\u201c &#8211; der Zirbe &#8211; umgibt mich und da es am Vortag leicht geregnet hat und alles noch ein wenig feucht ist, ist der Geruch gleich umso intensiver. Verr\u00fcckt der Gedanke, dass manche der B\u00e4ume \u00fcber 400 Jahre alt sind. W\u00e4hrend ich so entlang des Zirbenweges wandere, muss ich immer wieder \u00fcber kleine T\u00fcmpel und B\u00e4che h\u00fcpfen.<\/p>\n<p><img loading=\"lazy\" class=\"alignnone wp-image-6062 size-large\" src=\"https:\/\/www.gastein.com\/blog\/wp-content\/uploads\/2021\/10\/Zirbenweg-Graukogel-Bank-im-Wald-c-Gasteinertal-Tourismus-GmbH-Michael-Koenigshofer-web-1500x1000.jpg\" alt=\"B\u00e4ume, Waldweg im Gasteinertal\" width=\"1500\" height=\"1000\" srcset=\"https:\/\/www.gastein.com\/blog\/wp-content\/uploads\/2021\/10\/Zirbenweg-Graukogel-Bank-im-Wald-c-Gasteinertal-Tourismus-GmbH-Michael-Koenigshofer-web-1500x1000.jpg 1500w, https:\/\/www.gastein.com\/blog\/wp-content\/uploads\/2021\/10\/Zirbenweg-Graukogel-Bank-im-Wald-c-Gasteinertal-Tourismus-GmbH-Michael-Koenigshofer-web-300x200.jpg 300w, https:\/\/www.gastein.com\/blog\/wp-content\/uploads\/2021\/10\/Zirbenweg-Graukogel-Bank-im-Wald-c-Gasteinertal-Tourismus-GmbH-Michael-Koenigshofer-web-768x512.jpg 768w, https:\/\/www.gastein.com\/blog\/wp-content\/uploads\/2021\/10\/Zirbenweg-Graukogel-Bank-im-Wald-c-Gasteinertal-Tourismus-GmbH-Michael-Koenigshofer-web-1536x1024.jpg 1536w, https:\/\/www.gastein.com\/blog\/wp-content\/uploads\/2021\/10\/Zirbenweg-Graukogel-Bank-im-Wald-c-Gasteinertal-Tourismus-GmbH-Michael-Koenigshofer-web-2048x1365.jpg 2048w, https:\/\/www.gastein.com\/blog\/wp-content\/uploads\/2021\/10\/Zirbenweg-Graukogel-Bank-im-Wald-c-Gasteinertal-Tourismus-GmbH-Michael-Koenigshofer-web-150x100.jpg 150w\" sizes=\"(max-width: 1500px) 100vw, 1500px\" \/><\/p>\n<p>Jetzt hei\u00dft es wieder bergauf gehen, denn von der Bergstation Graukogel geht es in Richtung meines Ziels der heutigen Wanderung \u2013 dem Graukogel. Knapp oberhalb der Baumgrenze beginnt der Pfad in Richtung H\u00fcttenkogel und Graukogel. Es lohnt sich, sich zwischendurch umzudrehen und den Ausblick auf das Tal zu genie\u00dfen. Nach zirka 20 Minuten teilt sich der Weg und ich w\u00e4hle den rechten Pfad in Richtung Graukogel. Jetzt wird das Gel\u00e4nde felsiger, aber keinesfalls weniger sch\u00f6n. Es geht bergauf zu einer Scharte, von welcher das erste Mal ein Ausblick auf die R\u00fcckseite des Graukogels m\u00f6glich ist. Von jetzt an wird der Weg schm\u00e4ler und br\u00fcchiger. Das Gipfelkreuz ist in Sicht &#8211; ein finaler Anstieg noch und dann ist der Gipfel erreicht.<\/p>\n<div id='gallery-2' class='gallery galleryid-6051 gallery-columns-2 gallery-size-full'><figure class='gallery-item'>\n\t\t\t<div class='gallery-icon portrait'>\n\t\t\t\t<a href='https:\/\/www.gastein.com\/blog\/vom-tal-auf-den-gipfel\/img_3723\/'><img width=\"1920\" height=\"2560\" src=\"https:\/\/www.gastein.com\/blog\/wp-content\/uploads\/2021\/10\/IMG_3723-scaled.jpg\" class=\"attachment-full size-full\" alt=\"Gipfelblick Grakogel mit Landschaft\" loading=\"lazy\" srcset=\"https:\/\/www.gastein.com\/blog\/wp-content\/uploads\/2021\/10\/IMG_3723-scaled.jpg 1920w, https:\/\/www.gastein.com\/blog\/wp-content\/uploads\/2021\/10\/IMG_3723-225x300.jpg 225w, https:\/\/www.gastein.com\/blog\/wp-content\/uploads\/2021\/10\/IMG_3723-1125x1500.jpg 1125w, https:\/\/www.gastein.com\/blog\/wp-content\/uploads\/2021\/10\/IMG_3723-768x1024.jpg 768w, https:\/\/www.gastein.com\/blog\/wp-content\/uploads\/2021\/10\/IMG_3723-1152x1536.jpg 1152w, https:\/\/www.gastein.com\/blog\/wp-content\/uploads\/2021\/10\/IMG_3723-1536x2048.jpg 1536w, https:\/\/www.gastein.com\/blog\/wp-content\/uploads\/2021\/10\/IMG_3723-640x853.jpg 640w, https:\/\/www.gastein.com\/blog\/wp-content\/uploads\/2021\/10\/IMG_3723-150x200.jpg 150w\" sizes=\"(max-width: 1920px) 100vw, 1920px\" \/><\/a>\n\t\t\t<\/div><\/figure><figure class='gallery-item'>\n\t\t\t<div class='gallery-icon portrait'>\n\t\t\t\t<a href='https:\/\/www.gastein.com\/blog\/vom-tal-auf-den-gipfel\/img_3719\/'><img width=\"1920\" height=\"2560\" src=\"https:\/\/www.gastein.com\/blog\/wp-content\/uploads\/2021\/10\/IMG_3719-scaled.jpg\" class=\"attachment-full size-full\" alt=\"Blick vom Graukogel im Gasteinertal\" loading=\"lazy\" srcset=\"https:\/\/www.gastein.com\/blog\/wp-content\/uploads\/2021\/10\/IMG_3719-scaled.jpg 1920w, https:\/\/www.gastein.com\/blog\/wp-content\/uploads\/2021\/10\/IMG_3719-225x300.jpg 225w, https:\/\/www.gastein.com\/blog\/wp-content\/uploads\/2021\/10\/IMG_3719-1125x1500.jpg 1125w, https:\/\/www.gastein.com\/blog\/wp-content\/uploads\/2021\/10\/IMG_3719-768x1024.jpg 768w, https:\/\/www.gastein.com\/blog\/wp-content\/uploads\/2021\/10\/IMG_3719-1152x1536.jpg 1152w, https:\/\/www.gastein.com\/blog\/wp-content\/uploads\/2021\/10\/IMG_3719-1536x2048.jpg 1536w, https:\/\/www.gastein.com\/blog\/wp-content\/uploads\/2021\/10\/IMG_3719-640x853.jpg 640w, https:\/\/www.gastein.com\/blog\/wp-content\/uploads\/2021\/10\/IMG_3719-150x200.jpg 150w\" sizes=\"(max-width: 1920px) 100vw, 1920px\" \/><\/a>\n\t\t\t<\/div><\/figure>\n\t\t<\/div>\n\n<h2>Verr\u00fcckt nach Gipfelgl\u00fcck<\/h2>\n<p>Nach fast 5 Stunden und 1.400 H\u00f6henmetern stehe ich am Graukogel in der Kernzone des Nationalparks Hohe Tauern. Der Ausblick vom Gipfel ist grandios und reicht vom Reedsee bis zum Ankogelmassiv und dem Tischlerkar. Auf der anderen Seite kann ich \u00fcber das ganze Tal blicken und die umliegenden Gipfel wie Stubnerkogel und Gamskarkogel bestaunen. Und auch den Palfnersee bei dem ich zuvor noch gesessen bin, kann ich von hier oben sehen. Dieses Gef\u00fchl am Gipfel zu stehen und vom Tal gestartet zu sein, ist einfach unbeschreiblich.<\/p>\n<div id='gallery-3' class='gallery galleryid-6051 gallery-columns-3 gallery-size-full'><figure class='gallery-item'>\n\t\t\t<div class='gallery-icon portrait'>\n\t\t\t\t<a href='https:\/\/www.gastein.com\/blog\/vom-tal-auf-den-gipfel\/img_3700\/'><img width=\"1920\" height=\"2560\" src=\"https:\/\/www.gastein.com\/blog\/wp-content\/uploads\/2021\/10\/IMG_3700-scaled.jpg\" class=\"attachment-full size-full\" alt=\"Bergwelt im Gasteinertal mit Blick vom Graukogel\" loading=\"lazy\" srcset=\"https:\/\/www.gastein.com\/blog\/wp-content\/uploads\/2021\/10\/IMG_3700-scaled.jpg 1920w, https:\/\/www.gastein.com\/blog\/wp-content\/uploads\/2021\/10\/IMG_3700-225x300.jpg 225w, https:\/\/www.gastein.com\/blog\/wp-content\/uploads\/2021\/10\/IMG_3700-1125x1500.jpg 1125w, https:\/\/www.gastein.com\/blog\/wp-content\/uploads\/2021\/10\/IMG_3700-768x1024.jpg 768w, https:\/\/www.gastein.com\/blog\/wp-content\/uploads\/2021\/10\/IMG_3700-1152x1536.jpg 1152w, https:\/\/www.gastein.com\/blog\/wp-content\/uploads\/2021\/10\/IMG_3700-1536x2048.jpg 1536w, https:\/\/www.gastein.com\/blog\/wp-content\/uploads\/2021\/10\/IMG_3700-640x853.jpg 640w, https:\/\/www.gastein.com\/blog\/wp-content\/uploads\/2021\/10\/IMG_3700-150x200.jpg 150w\" sizes=\"(max-width: 1920px) 100vw, 1920px\" \/><\/a>\n\t\t\t<\/div><\/figure><figure class='gallery-item'>\n\t\t\t<div class='gallery-icon portrait'>\n\t\t\t\t<a href='https:\/\/www.gastein.com\/blog\/vom-tal-auf-den-gipfel\/img_3712\/'><img width=\"1920\" height=\"2560\" src=\"https:\/\/www.gastein.com\/blog\/wp-content\/uploads\/2021\/10\/IMG_3712-scaled.jpg\" class=\"attachment-full size-full\" alt=\"Gipfelkreuz im Gasteinertal, Graukogel\" loading=\"lazy\" srcset=\"https:\/\/www.gastein.com\/blog\/wp-content\/uploads\/2021\/10\/IMG_3712-scaled.jpg 1920w, https:\/\/www.gastein.com\/blog\/wp-content\/uploads\/2021\/10\/IMG_3712-225x300.jpg 225w, https:\/\/www.gastein.com\/blog\/wp-content\/uploads\/2021\/10\/IMG_3712-1125x1500.jpg 1125w, https:\/\/www.gastein.com\/blog\/wp-content\/uploads\/2021\/10\/IMG_3712-768x1024.jpg 768w, https:\/\/www.gastein.com\/blog\/wp-content\/uploads\/2021\/10\/IMG_3712-1152x1536.jpg 1152w, https:\/\/www.gastein.com\/blog\/wp-content\/uploads\/2021\/10\/IMG_3712-1536x2048.jpg 1536w, https:\/\/www.gastein.com\/blog\/wp-content\/uploads\/2021\/10\/IMG_3712-640x853.jpg 640w, https:\/\/www.gastein.com\/blog\/wp-content\/uploads\/2021\/10\/IMG_3712-150x200.jpg 150w\" sizes=\"(max-width: 1920px) 100vw, 1920px\" \/><\/a>\n\t\t\t<\/div><\/figure><figure class='gallery-item'>\n\t\t\t<div class='gallery-icon portrait'>\n\t\t\t\t<a href='https:\/\/www.gastein.com\/blog\/vom-tal-auf-den-gipfel\/img_3704\/'><img width=\"1920\" height=\"2560\" src=\"https:\/\/www.gastein.com\/blog\/wp-content\/uploads\/2021\/10\/IMG_3704-scaled.jpg\" class=\"attachment-full size-full\" alt=\"Landschaftsblick vom Graukogel im Gasteinertal\" loading=\"lazy\" srcset=\"https:\/\/www.gastein.com\/blog\/wp-content\/uploads\/2021\/10\/IMG_3704-scaled.jpg 1920w, https:\/\/www.gastein.com\/blog\/wp-content\/uploads\/2021\/10\/IMG_3704-225x300.jpg 225w, https:\/\/www.gastein.com\/blog\/wp-content\/uploads\/2021\/10\/IMG_3704-1125x1500.jpg 1125w, https:\/\/www.gastein.com\/blog\/wp-content\/uploads\/2021\/10\/IMG_3704-768x1024.jpg 768w, https:\/\/www.gastein.com\/blog\/wp-content\/uploads\/2021\/10\/IMG_3704-1152x1536.jpg 1152w, https:\/\/www.gastein.com\/blog\/wp-content\/uploads\/2021\/10\/IMG_3704-1536x2048.jpg 1536w, https:\/\/www.gastein.com\/blog\/wp-content\/uploads\/2021\/10\/IMG_3704-640x853.jpg 640w, https:\/\/www.gastein.com\/blog\/wp-content\/uploads\/2021\/10\/IMG_3704-150x200.jpg 150w\" sizes=\"(max-width: 1920px) 100vw, 1920px\" \/><\/a>\n\t\t\t<\/div><\/figure>\n\t\t<\/div>\n\n<p>Am Weg nach unten suche ich mir dann noch eine sch\u00f6ne Stelle zum Ausblick und Jause genie\u00dfen. Was f\u00fcr eine sch\u00f6ne Herbsttour!<\/p>\n<h2>Tourdaten \u2013 Wanderung auf den Graukogel<\/h2>\n<ul>\n<li>Ausgangspunkt: Bad Gastein<\/li>\n<li>Schwierigkeit: schwer<\/li>\n<li>Dauer: ca. 7 Stunden<\/li>\n<li>L\u00e4nge: 16 km<\/li>\n<li>H\u00f6henunterschied: 1.410 m<\/li>\n<\/ul>\n<p>Egal ob <strong><a href=\"https:\/\/www.gastein.com\/region\/unterkuenfte\/suchen-buchen\/hotels\/\">Hotel<\/a><\/strong>, <strong><a href=\"https:\/\/www.gastein.com\/region\/unterkuenfte\/suchen-buchen\/gasthoefe-pensionen\/\">Pension<\/a><\/strong>, <a href=\"https:\/\/www.gastein.com\/region\/unterkuenfte\/suchen-buchen\/bauernhoefe\/\"><strong>Urlaub am Bauernhof<\/strong> <\/a>oder <a href=\"https:\/\/www.gastein.com\/region\/unterkuenfte\/suchen-buchen\/ferienwohnungen\/haeuser-appartements\/\"><strong>Ferienwohnung<\/strong><\/a>. Hier finden Sie die passende Unterkunft f\u00fcr Ihren <a href=\"https:\/\/www.gastein.com\/erlebnisse\/sport-natur\/sommer\/\"><strong>Herbsturlaub in Gastein.<\/strong><\/a><\/p>\n","protected":false},"excerpt":{"rendered":"<p>Gipfeltouren Gastein 5.00 Uhr morgens, der Wecker klingelt. Drau\u00dfen ist es noch dunkel und der Nebel liegt noch im Tal, aber heute wird garantiert ein sch\u00f6ner Tag. Ich zieh mir meine warme Jacke an, pack meinen Rucksack, esse noch mein Fr\u00fchst\u00fcck und los geht\u2019s! Diesmal&#8230;<\/p>\n","protected":false},"author":23,"featured_media":6071,"comment_status":"closed","ping_status":"closed","sticky":false,"template":"","format":"standard","meta":[],"categories":[44],"tags":[48],"_links":{"self":[{"href":"https:\/\/www.gastein.com\/blog\/wp-json\/wp\/v2\/posts\/6051"}],"collection":[{"href":"https:\/\/www.gastein.com\/blog\/wp-json\/wp\/v2\/posts"}],"about":[{"href":"https:\/\/www.gastein.com\/blog\/wp-json\/wp\/v2\/types\/post"}],"author":[{"embeddable":true,"href":"https:\/\/www.gastein.com\/blog\/wp-json\/wp\/v2\/users\/23"}],"replies":[{"embeddable":true,"href":"https:\/\/www.gastein.com\/blog\/wp-json\/wp\/v2\/comments?post=6051"}],"version-history":[{"count":13,"href":"https:\/\/www.gastein.com\/blog\/wp-json\/wp\/v2\/posts\/6051\/revisions"}],"predecessor-version":[{"id":6582,"href":"https:\/\/www.gastein.com\/blog\/wp-json\/wp\/v2\/posts\/6051\/revisions\/6582"}],"wp:featuredmedia":[{"embeddable":true,"href":"https:\/\/www.gastein.com\/blog\/wp-json\/wp\/v2\/media\/6071"}],"wp:attachment":[{"href":"https:\/\/www.gastein.com\/blog\/wp-json\/wp\/v2\/media?parent=6051"}],"wp:term":[{"taxonomy":"category","embeddable":true,"href":"https:\/\/www.gastein.com\/blog\/wp-json\/wp\/v2\/categories?post=6051"},{"taxonomy":"post_tag","embeddable":true,"href":"https:\/\/www.gastein.com\/blog\/wp-json\/wp\/v2\/tags?post=6051"}],"curies":[{"name":"wp","href":"https:\/\/api.w.org\/{rel}","templated":true}]}}