{"id":5435,"date":"2025-06-16T16:45:18","date_gmt":"2025-06-16T14:45:18","guid":{"rendered":"https:\/\/www.gastein.com\/blog\/?p=5435"},"modified":"2025-06-16T15:50:12","modified_gmt":"2025-06-16T13:50:12","slug":"seen-wandertipps","status":"publish","type":"post","link":"https:\/\/www.gastein.com\/blog\/seen-wandertipps\/","title":{"rendered":"Seen wir uns?  \u2013 3 erfrischende Wandertipps in Gastein"},"content":{"rendered":"<h1>Erfrischende See Wanderungen im Gasteinertal<\/h1>\n<p>Was gibt es Sch\u00f6neres als sich nach einer anstrengenden Wanderung im k\u00fchlen Nass zu erfrischen? Wir finden die sp\u00e4tsommerlichen Temperaturen erlauben sogar einen Sprung in einen der sagenhaften Gebirgsseen inmitten der <a href=\"https:\/\/www.gastein.com\/service\/bergbahn-info\/berge-thermen-card\/\">Gasteiner Bergwelt<\/a>.<\/p>\n<h2><b>Kristallklare Urlaubshighlights, einzigartige Aussichten<\/b><\/h2>\n<p>Zu den imposanten <a href=\"https:\/\/www.gastein.com\/erlebnisse\/sport-natur\/wandern\/wandern-am-wasser\/\">Gebirgsseen Gasteins<\/a> f\u00fchren sowohl leichte als auch herausfordernde Wanderrouten mit bis zu 1\u00a0600 zu bew\u00e4ltigenden H\u00f6henmetern. W\u00e4hlt man die anspruchsvollere Variante, wird alle Anstrengung mit einer einzigartigen Aussicht auf die Bergkulisse Gasteins belohnt. Mit Sicherheit ein unvergessliches Urlaubshighlight!<\/p>\n<p>Die sch\u00f6nsten Pl\u00e4tze f\u00fcr eine Abk\u00fchlung an sp\u00e4tsommerlichen Tagen m\u00f6chten wir euch nat\u00fcrlich nicht vorenthalten:<\/p>\n<h2>1. Paarseen in Dorfgastein<\/h2>\n<p>Die Wanderung zu den <a href=\"https:\/\/www.gastein.com\/erlebnisse\/detail\/experience\/gefuehrte-wanderung-paarseen\/\">Paarseen<\/a> in Dorfgastein z\u00e4hlt mit 1\u00a0200 H\u00f6henmetern und 17 Kilometern zu den herausfordernden Touren ist aber dennoch nicht weniger lohnend, denn euch erwartet ein Ausblick auf die umliegenden Gipfel Ha\u00dfeck, Schuhflicker, Bernkogel und Rauchk\u00f6gerl. Wer das Gipfelgef\u00fchl nicht missen m\u00f6chte, kann die wenigen H\u00f6henmeter zur Gasteiner H\u00f6he erklimmen.<\/p>\n<div id='gallery-1' class='gallery galleryid-5435 gallery-columns-2 gallery-size-large'><figure class='gallery-item'>\n\t\t\t<div class='gallery-icon portrait'>\n\t\t\t\t<a href='https:\/\/www.gastein.com\/blog\/seen-wandertipps\/dorfgastein_paarseencsommerbichler-min\/'><img width=\"1125\" height=\"1500\" src=\"https:\/\/www.gastein.com\/blog\/wp-content\/uploads\/2020\/09\/Dorfgastein_Paarseencsommerbichler-min-1125x1500.jpeg\" class=\"attachment-large size-large\" alt=\"Blick auf den Paarsee im Gasteinertal\" loading=\"lazy\" srcset=\"https:\/\/www.gastein.com\/blog\/wp-content\/uploads\/2020\/09\/Dorfgastein_Paarseencsommerbichler-min-1125x1500.jpeg 1125w, https:\/\/www.gastein.com\/blog\/wp-content\/uploads\/2020\/09\/Dorfgastein_Paarseencsommerbichler-min-225x300.jpeg 225w, https:\/\/www.gastein.com\/blog\/wp-content\/uploads\/2020\/09\/Dorfgastein_Paarseencsommerbichler-min-768x1024.jpeg 768w\" sizes=\"(max-width: 1125px) 100vw, 1125px\" \/><\/a>\n\t\t\t<\/div><\/figure><figure class='gallery-item'>\n\t\t\t<div class='gallery-icon portrait'>\n\t\t\t\t<a href='https:\/\/www.gastein.com\/blog\/seen-wandertipps\/dorfgastein_gasteiner-hoehecsommerbichler-min\/'><img width=\"1125\" height=\"1500\" src=\"https:\/\/www.gastein.com\/blog\/wp-content\/uploads\/2020\/09\/Dorfgastein_Gasteiner-Hoehecsommerbichler-min-1125x1500.jpeg\" class=\"attachment-large size-large\" alt=\"Blick auf die Gasteiner Hoehe\" loading=\"lazy\" aria-describedby=\"gallery-1-5436\" srcset=\"https:\/\/www.gastein.com\/blog\/wp-content\/uploads\/2020\/09\/Dorfgastein_Gasteiner-Hoehecsommerbichler-min-1125x1500.jpeg 1125w, https:\/\/www.gastein.com\/blog\/wp-content\/uploads\/2020\/09\/Dorfgastein_Gasteiner-Hoehecsommerbichler-min-225x300.jpeg 225w, https:\/\/www.gastein.com\/blog\/wp-content\/uploads\/2020\/09\/Dorfgastein_Gasteiner-Hoehecsommerbichler-min-768x1024.jpeg 768w\" sizes=\"(max-width: 1125px) 100vw, 1125px\" \/><\/a>\n\t\t\t<\/div>\n\t\t\t\t<figcaption class='wp-caption-text gallery-caption' id='gallery-1-5436'>\n\t\t\t\tGasteiner H\u00f6he, 1 994 m\n\t\t\t\t<\/figcaption><\/figure>\n\t\t<\/div>\n\n<p>&nbsp;<\/p>\n<p><iframe loading=\"lazy\" title=\"Sommerfrische in Gastein - Paarseen \/ Teil 2\" width=\"1500\" height=\"844\" src=\"https:\/\/www.youtube.com\/embed\/ghnyt9QX2u8?feature=oembed\" frameborder=\"0\" allow=\"accelerometer; autoplay; clipboard-write; encrypted-media; gyroscope; picture-in-picture; web-share\" referrerpolicy=\"strict-origin-when-cross-origin\" allowfullscreen><\/iframe><\/p>\n<h2>2. Reedsee in Bad Gastein<\/h2>\n<p>Eingebettet in einen breiten Kessel erwartet einen der m\u00e4rchenhafte <a href=\"https:\/\/www.gastein.com\/erlebnisse\/detail\/experience\/gefuehrte-wanderung-naturjuwel-reedsee\/\">Reedsee<\/a> nach einem steilen Anstieg ausgehend vom Hoteldorf Gr\u00fcner Baum in Bad Gastein (800 H\u00f6henmeter, 12 Kilometer). Nach der Wanderung durch das K\u00f6tschachtal, \u00fcber eine kleine unscheinbare Br\u00fccke und \u00fcber einen steilen Waldanstieg laden die zahlreichen Stellen am Ufer des Bergsees zum Verweilen ein. Noch nicht genug vom k\u00fchlen Nass? Nicht weit entfernt vom Reedsee liegt der Palfnersee und der Windschursee unterhalb der Palfnerscharte im Graukogelgebiet.<\/p>\n<p>Wohlverdient k\u00f6nnt ihr im Anschluss an die Tour eine z\u00fcnftige Jause mit selbstgemachten K\u00f6stlichkeiten bei der <a href=\"https:\/\/www.gastein.com\/service\/gastein-von-a-z\/detail\/infrastruktur\/himmelwandhuette-bad-gastein\/\">Himmelwandh\u00fctte<\/a> im K\u00f6tschachtal genie\u00dfen.<\/p>\n<figure id=\"attachment_5438\" aria-describedby=\"caption-attachment-5438\" style=\"width: 770px\" class=\"wp-caption alignnone\"><img loading=\"lazy\" class=\"wp-image-5438\" src=\"https:\/\/www.gastein.com\/blog\/wp-content\/uploads\/2020\/09\/Reedseecsommerbichler-min-1500x1500.jpg\" alt=\"Reedsee im Gasteinertal - im Wasser spiegeln sich Berge und B\u00e4ume\" width=\"770\" height=\"770\" srcset=\"https:\/\/www.gastein.com\/blog\/wp-content\/uploads\/2020\/09\/Reedseecsommerbichler-min-1500x1500.jpg 1500w, https:\/\/www.gastein.com\/blog\/wp-content\/uploads\/2020\/09\/Reedseecsommerbichler-min-150x150.jpg 150w, https:\/\/www.gastein.com\/blog\/wp-content\/uploads\/2020\/09\/Reedseecsommerbichler-min-300x300.jpg 300w, https:\/\/www.gastein.com\/blog\/wp-content\/uploads\/2020\/09\/Reedseecsommerbichler-min-768x768.jpg 768w, https:\/\/www.gastein.com\/blog\/wp-content\/uploads\/2020\/09\/Reedseecsommerbichler-min-45x45.jpg 45w\" sizes=\"(max-width: 770px) 100vw, 770px\" \/><figcaption id=\"caption-attachment-5438\" class=\"wp-caption-text\">Reedsee Bad Gastein<\/figcaption><\/figure>\n<p><iframe loading=\"lazy\" title=\"Sommerfrische in Gastein - Reedsee\" width=\"1500\" height=\"844\" src=\"https:\/\/www.youtube.com\/embed\/vl-vBnt_PNI?feature=oembed\" frameborder=\"0\" allow=\"accelerometer; autoplay; clipboard-write; encrypted-media; gyroscope; picture-in-picture; web-share\" referrerpolicy=\"strict-origin-when-cross-origin\" allowfullscreen><\/iframe><\/p>\n<h2>3. Bockhartseen in Sportgastein<\/h2>\n<p>Im malerischen, auf 1\u00a0584 m gelegenen Hochtal Nassfeld in Sportgastein startet ihr die Tour zu den beiden Bockhartseen. Vor der Tour k\u00f6nnen wir euch versichern, dass ihr euch an der Aussicht auf die \u00fcppige Vegetation und auf die tosenden Wasserf\u00e4lle kaum satt sehen k\u00f6nnt. \u00dcber die <a href=\"https:\/\/www.gastein.com\/service\/gastein-von-a-z\/detail\/infrastruktur\/bockhartseehuette-bad-gastein\/\">Bockhartseeh\u00fctte<\/a> erreicht ihr den unteren Bockhartsee. Legenden zufolge soll es dort einen Drachen geben, der die \u00fcberm\u00fctigen Goldbergknappen mit einer Eiszeit im Tal bestraft hat. Direkt am See entlang f\u00fchrt euch der Wanderweg zum oberen Bockhartsee, der an hei\u00dfen Sp\u00e4tsommertagen einige Pl\u00e4tze f\u00fcr einen Sprung ins k\u00fchle Nass anbietet \u2013 erfrischender Badespa\u00df garantiert! Und wer besonders flei\u00dfig ist, kann den Gipfel des Silberpfennig noch erklimmen.<\/p>\n<div id='gallery-2' class='gallery galleryid-5435 gallery-columns-1 gallery-size-large'><figure class='gallery-item'>\n\t\t\t<div class='gallery-icon landscape'>\n\t\t\t\t<a href='https:\/\/www.gastein.com\/blog\/seen-wandertipps\/sportgastein_silberpfennigcsommerbichler-min\/'><img width=\"1500\" height=\"1000\" src=\"https:\/\/www.gastein.com\/blog\/wp-content\/uploads\/2020\/09\/Sportgastein_Silberpfennigcsommerbichler-min-1500x1000.jpeg\" class=\"attachment-large size-large\" alt=\"Gipfelkreuz Silberpfennig im Gasteinertal\" loading=\"lazy\" aria-describedby=\"gallery-2-5439\" srcset=\"https:\/\/www.gastein.com\/blog\/wp-content\/uploads\/2020\/09\/Sportgastein_Silberpfennigcsommerbichler-min-1500x1000.jpeg 1500w, https:\/\/www.gastein.com\/blog\/wp-content\/uploads\/2020\/09\/Sportgastein_Silberpfennigcsommerbichler-min-300x200.jpeg 300w, https:\/\/www.gastein.com\/blog\/wp-content\/uploads\/2020\/09\/Sportgastein_Silberpfennigcsommerbichler-min-768x512.jpeg 768w\" sizes=\"(max-width: 1500px) 100vw, 1500px\" \/><\/a>\n\t\t\t<\/div>\n\t\t\t\t<figcaption class='wp-caption-text gallery-caption' id='gallery-2-5439'>\n\t\t\t\tSilberpfennig, 2 600 m\n\t\t\t\t<\/figcaption><\/figure>\n\t\t<\/div>\n\n<p>Mehr Tipps f\u00fcr einen Urlaub am Wasser gibt&#8217;s auf der <a href=\"https:\/\/www.gastein.com\/erlebnisse\/sport-natur\/wandern\/wandern-am-wasser\/\">Sommerfrische Gastein<\/a> Seite, sowie\u00a0auf unserem Youtube Kanal <a href=\"https:\/\/www.youtube.com\/channel\/UCBHtRJPWE0ajPW4TpFAFIZw\">GASTEIN.COM<\/a>.<\/p>\n<p>Egal ob Hotel, Pension, Urlaub am Bauernhof oder Ferienwohnung.\u00a0<a href=\"https:\/\/www.gastein.com\/region\/unterkuenfte\/suchen-buchen\/\" target=\"_blank\" rel=\"noopener\">Hier finden Sie die passende Unterkunft f\u00fcr Ihren Urlaub in Gastein.<\/a><\/p>\n","protected":false},"excerpt":{"rendered":"<p>Erfrischende See Wanderungen im Gasteinertal Was gibt es Sch\u00f6neres als sich nach einer anstrengenden Wanderung im k\u00fchlen Nass zu erfrischen? Wir finden die sp\u00e4tsommerlichen Temperaturen erlauben sogar einen Sprung in einen der sagenhaften Gebirgsseen inmitten der Gasteiner Bergwelt. Kristallklare Urlaubshighlights, einzigartige Aussichten Zu den imposanten&#8230;<\/p>\n","protected":false},"author":21,"featured_media":5443,"comment_status":"closed","ping_status":"closed","sticky":false,"template":"","format":"standard","meta":[],"categories":[46],"tags":[165,159,157],"_links":{"self":[{"href":"https:\/\/www.gastein.com\/blog\/wp-json\/wp\/v2\/posts\/5435"}],"collection":[{"href":"https:\/\/www.gastein.com\/blog\/wp-json\/wp\/v2\/posts"}],"about":[{"href":"https:\/\/www.gastein.com\/blog\/wp-json\/wp\/v2\/types\/post"}],"author":[{"embeddable":true,"href":"https:\/\/www.gastein.com\/blog\/wp-json\/wp\/v2\/users\/21"}],"replies":[{"embeddable":true,"href":"https:\/\/www.gastein.com\/blog\/wp-json\/wp\/v2\/comments?post=5435"}],"version-history":[{"count":5,"href":"https:\/\/www.gastein.com\/blog\/wp-json\/wp\/v2\/posts\/5435\/revisions"}],"predecessor-version":[{"id":6540,"href":"https:\/\/www.gastein.com\/blog\/wp-json\/wp\/v2\/posts\/5435\/revisions\/6540"}],"wp:featuredmedia":[{"embeddable":true,"href":"https:\/\/www.gastein.com\/blog\/wp-json\/wp\/v2\/media\/5443"}],"wp:attachment":[{"href":"https:\/\/www.gastein.com\/blog\/wp-json\/wp\/v2\/media?parent=5435"}],"wp:term":[{"taxonomy":"category","embeddable":true,"href":"https:\/\/www.gastein.com\/blog\/wp-json\/wp\/v2\/categories?post=5435"},{"taxonomy":"post_tag","embeddable":true,"href":"https:\/\/www.gastein.com\/blog\/wp-json\/wp\/v2\/tags?post=5435"}],"curies":[{"name":"wp","href":"https:\/\/api.w.org\/{rel}","templated":true}]}}