{"id":4225,"date":"2018-08-01T09:52:12","date_gmt":"2018-08-01T07:52:12","guid":{"rendered":"https:\/\/www.gastein.com\/blog\/?p=4225"},"modified":"2025-06-16T16:21:37","modified_gmt":"2025-06-16T14:21:37","slug":"das-dorffest-mit-familiencharakter","status":"publish","type":"post","link":"https:\/\/www.gastein.com\/blog\/das-dorffest-mit-familiencharakter\/","title":{"rendered":"Das Dorffest mit Familiencharakter"},"content":{"rendered":"<h1>Dorffest Gasteinertal<\/h1>\n<p>\u201eHat bitte jemand\u00a0 ein Parkemed f\u00fcr mich?\u201c, frage ich im Tourismusverband <a href=\"https:\/\/www.gastein.com\/service\/gastein-von-a-z\/detail\/infrastruktur\/tourismusverband-dorfgastein-dorfgastein\/\" target=\"_blank\" rel=\"noopener\">(TVB) Dorfgastein<\/a> \u00fcber den Tresen in die Runde. \u201eHeute in der Fr\u00fch ist mich das Fieber angeflogen.\u201c Die Damen schmunzeln. \u201eParkemed brauche ich beim Dorffest jeden Tag\u201c, grinst Alexandra Portenkirchner, Gesch\u00e4ftsstellenleiterin des TVB Dorfgastein. Alex Fritzenwanker, Obfrau des TVB Dorfgastein reicht mir w\u00e4hrenddessen ein Glas Wasser und meine schnelle Rettung.<\/p>\n<p><!--more--><\/p>\n<figure id=\"attachment_4234\" aria-describedby=\"caption-attachment-4234\" style=\"width: 1122px\" class=\"wp-caption alignnone\"><img loading=\"lazy\" class=\"size-full wp-image-4234\" src=\"https:\/\/www.gastein.com\/blog\/wp-content\/uploads\/2018\/07\/Dorffest-Dorfgastein-c-Creatina-2_klein.jpg\" alt=\"Dorffest Dorfgastein\" width=\"1122\" height=\"667\" srcset=\"https:\/\/www.gastein.com\/blog\/wp-content\/uploads\/2018\/07\/Dorffest-Dorfgastein-c-Creatina-2_klein.jpg 1122w, https:\/\/www.gastein.com\/blog\/wp-content\/uploads\/2018\/07\/Dorffest-Dorfgastein-c-Creatina-2_klein-300x178.jpg 300w, https:\/\/www.gastein.com\/blog\/wp-content\/uploads\/2018\/07\/Dorffest-Dorfgastein-c-Creatina-2_klein-768x457.jpg 768w\" sizes=\"(max-width: 1122px) 100vw, 1122px\" \/><figcaption id=\"caption-attachment-4234\" class=\"wp-caption-text\">Der Umzug ist das Highlight des Dorffests.<\/figcaption><\/figure>\n<h2>Dorfgemeinschaft hinter dem Dorffest<\/h2>\n<p>\u201eWird beim Dorffest so viel getrunken?\u201c, frage ich Alexandra vorsichtig \u201eNein! OK manchmal\u201c, lacht sie. \u201eEs ist oft stressig und es gibt sehr viel zu tun. Ich bekomme schon mal Kopfweh.\u201c Das Dorffest mit Familiencharakter in <a href=\"https:\/\/www.gastein.com\/gastein\/gasteinertal\/dorfgastein\/\" target=\"_blank\" rel=\"noopener\">Dorfgastein<\/a> geht 2021 in die 38. Runde. Alex ist bei der Organisation dabei, seit dem sie auf der Welt ist, Alexandra als Gesch\u00e4ftsstellenleiterin seit 2016 und beide sind sich einig: \u201eUnser Dorffest ist ein wichtiger Teil der Gasteiner Identit\u00e4t.\u201c Alle helfen mit, alle sind dabei, fast jedem gef\u00e4llt\u00b4s: Das sp\u00fcren auch die G\u00e4ste, denn viele der Besucher sind Stammg\u00e4ste, die Jahr f\u00fcr Jahr wieder kehren und Freundschaften zu den Einheimischen pflegen. \u201eG\u00e4ste sch\u00e4tzen es, wenn der Wirt seine G\u00e4ste kennt; das geh\u00f6rt zum Dorfcharakter: traditionell, idyllisch und famili\u00e4r!\u201c, erkl\u00e4rt Alex.<\/p>\n<div id='gallery-1' class='gallery galleryid-4225 gallery-columns-2 gallery-size-large'><figure class='gallery-item'>\n\t\t\t<div class='gallery-icon portrait'>\n\t\t\t\t<a href='https:\/\/www.gastein.com\/blog\/wp-content\/uploads\/2018\/07\/Herreiter-1_klein-e1533191878188.jpg'><img width=\"527\" height=\"660\" src=\"https:\/\/www.gastein.com\/blog\/wp-content\/uploads\/2018\/07\/Herreiter-1_klein-e1533191878188.jpg\" class=\"attachment-large size-large\" alt=\"Dorffest Dorfgastein\" loading=\"lazy\" aria-describedby=\"gallery-1-4237\" srcset=\"https:\/\/www.gastein.com\/blog\/wp-content\/uploads\/2018\/07\/Herreiter-1_klein-e1533191878188.jpg 527w, https:\/\/www.gastein.com\/blog\/wp-content\/uploads\/2018\/07\/Herreiter-1_klein-e1533191878188-240x300.jpg 240w\" sizes=\"(max-width: 527px) 100vw, 527px\" \/><\/a>\n\t\t\t<\/div>\n\t\t\t\t<figcaption class='wp-caption-text gallery-caption' id='gallery-1-4237'>\n\t\t\t\tHerreiter nennt man die Peitschenknaller zu Pferd.\n\t\t\t\t<\/figcaption><\/figure><figure class='gallery-item'>\n\t\t\t<div class='gallery-icon portrait'>\n\t\t\t\t<a href='https:\/\/www.gastein.com\/blog\/wp-content\/uploads\/2018\/07\/Feuerwehr-Dorfgastein-8_klein.jpg'><img width=\"755\" height=\"1134\" src=\"https:\/\/www.gastein.com\/blog\/wp-content\/uploads\/2018\/07\/Feuerwehr-Dorfgastein-8_klein.jpg\" class=\"attachment-large size-large\" alt=\"Dorffest Dorfgastein\" loading=\"lazy\" aria-describedby=\"gallery-1-4236\" srcset=\"https:\/\/www.gastein.com\/blog\/wp-content\/uploads\/2018\/07\/Feuerwehr-Dorfgastein-8_klein.jpg 755w, https:\/\/www.gastein.com\/blog\/wp-content\/uploads\/2018\/07\/Feuerwehr-Dorfgastein-8_klein-200x300.jpg 200w\" sizes=\"(max-width: 755px) 100vw, 755px\" \/><\/a>\n\t\t\t<\/div>\n\t\t\t\t<figcaption class='wp-caption-text gallery-caption' id='gallery-1-4236'>\n\t\t\t\tAuch die Freiwillige Feuerwehr ist beim Umzug dabei.\n\t\t\t\t<\/figcaption><\/figure>\n\t\t<\/div>\n\n<h2>Regionales Handwerk und Schmankerln<\/h2>\n<p>Neben Musik, Festumzug und Ausschank der Wirte zeigen die Dorfgasteiner, was zur Tradition des Tales geh\u00f6rt: traditionelles Handwerk und lokale Speisen. \u201eSehr beliebt ist das Krapfen backen der Dorfgasteiner B\u00e4uerinnen\u201c, erz\u00e4hlt Alexandra. B\u00e4uerinnen implementiert, dass kein Mann dabei ist. Fleischkrapfen, eine pikante Mehlspeise, und Pofesen, eine s\u00fc\u00dfe Mehlspeise, sind aber mindestens genau so gefragt. Logisch, dass bei so viel Essen auch ein Schnapserl dazu geh\u00f6rt. Im Gasteinertal gibt\u00b4s n\u00e4mlich exzellente Schnapsbrenner. Vom Essen zum Handwerk: \u201eUnsere Motors\u00e4gen-Schnitzer sind ein beliebter Treffpunkt am Handwerksmarkt\u201c, wei\u00df Alex zu berichten. Dort findet ihr auch Federkiel-Stickereien auf G\u00fcrteln und Taschen, oder Holzschnitzer, die Spiegel, Bilderrahmen und Krampusmasken anfertigen; aber auch Schmiedewerk, K\u00f6rbe, Tischdecken, Wollwaren, Marmelade, Brot, Wurst und K\u00e4se gibt es zu kaufen.<\/p>\n<figure id=\"attachment_4243\" aria-describedby=\"caption-attachment-4243\" style=\"width: 1134px\" class=\"wp-caption alignnone\"><img loading=\"lazy\" class=\"size-full wp-image-4243\" src=\"https:\/\/www.gastein.com\/blog\/wp-content\/uploads\/2018\/07\/selbstgemachtes-8_klein.jpg\" alt=\"Dorffest Dorfgastein\" width=\"1134\" height=\"755\" srcset=\"https:\/\/www.gastein.com\/blog\/wp-content\/uploads\/2018\/07\/selbstgemachtes-8_klein.jpg 1134w, https:\/\/www.gastein.com\/blog\/wp-content\/uploads\/2018\/07\/selbstgemachtes-8_klein-300x200.jpg 300w, https:\/\/www.gastein.com\/blog\/wp-content\/uploads\/2018\/07\/selbstgemachtes-8_klein-768x511.jpg 768w\" sizes=\"(max-width: 1134px) 100vw, 1134px\" \/><figcaption id=\"caption-attachment-4243\" class=\"wp-caption-text\">Schnaps, Marmelade und Lik\u00f6re.<\/figcaption><\/figure>\n<div id='gallery-2' class='gallery galleryid-4225 gallery-columns-3 gallery-size-medium'><figure class='gallery-item'>\n\t\t\t<div class='gallery-icon landscape'>\n\t\t\t\t<a href='https:\/\/www.gastein.com\/blog\/das-dorffest-mit-familiencharakter\/selbstgemachtes-7_klein\/'><img width=\"300\" height=\"200\" src=\"https:\/\/www.gastein.com\/blog\/wp-content\/uploads\/2018\/07\/selbstgemachtes-7_klein-300x200.jpg\" class=\"attachment-medium size-medium\" alt=\"Dorffest Dorfgastein\" loading=\"lazy\" aria-describedby=\"gallery-2-4242\" srcset=\"https:\/\/www.gastein.com\/blog\/wp-content\/uploads\/2018\/07\/selbstgemachtes-7_klein-300x200.jpg 300w, https:\/\/www.gastein.com\/blog\/wp-content\/uploads\/2018\/07\/selbstgemachtes-7_klein-768x511.jpg 768w, https:\/\/www.gastein.com\/blog\/wp-content\/uploads\/2018\/07\/selbstgemachtes-7_klein.jpg 1134w\" sizes=\"(max-width: 300px) 100vw, 300px\" \/><\/a>\n\t\t\t<\/div>\n\t\t\t\t<figcaption class='wp-caption-text gallery-caption' id='gallery-2-4242'>\n\t\t\t\tSelbst Gesundheitstee findet ihr hier.\n\t\t\t\t<\/figcaption><\/figure><figure class='gallery-item'>\n\t\t\t<div class='gallery-icon landscape'>\n\t\t\t\t<a href='https:\/\/www.gastein.com\/blog\/das-dorffest-mit-familiencharakter\/selbstgemachtes-2_klein\/'><img width=\"300\" height=\"200\" src=\"https:\/\/www.gastein.com\/blog\/wp-content\/uploads\/2018\/07\/selbstgemachtes-2_klein-300x200.jpg\" class=\"attachment-medium size-medium\" alt=\"Dorffest Dorfgastein\" loading=\"lazy\" aria-describedby=\"gallery-2-4241\" srcset=\"https:\/\/www.gastein.com\/blog\/wp-content\/uploads\/2018\/07\/selbstgemachtes-2_klein-300x200.jpg 300w, https:\/\/www.gastein.com\/blog\/wp-content\/uploads\/2018\/07\/selbstgemachtes-2_klein-768x511.jpg 768w, https:\/\/www.gastein.com\/blog\/wp-content\/uploads\/2018\/07\/selbstgemachtes-2_klein.jpg 1134w\" sizes=\"(max-width: 300px) 100vw, 300px\" \/><\/a>\n\t\t\t<\/div>\n\t\t\t\t<figcaption class='wp-caption-text gallery-caption' id='gallery-2-4241'>\n\t\t\t\tDas Bauernbrot der B\u00e4uerinnen ist verd\u00e4chtig knusprig.\n\t\t\t\t<\/figcaption><\/figure><figure class='gallery-item'>\n\t\t\t<div class='gallery-icon landscape'>\n\t\t\t\t<a href='https:\/\/www.gastein.com\/blog\/das-dorffest-mit-familiencharakter\/schmuck-aus-holz-2_klein\/'><img width=\"300\" height=\"200\" src=\"https:\/\/www.gastein.com\/blog\/wp-content\/uploads\/2018\/07\/Schmuck-aus-Holz-2_klein-300x200.jpg\" class=\"attachment-medium size-medium\" alt=\"Dorffest Dorfgastein\" loading=\"lazy\" aria-describedby=\"gallery-2-4240\" srcset=\"https:\/\/www.gastein.com\/blog\/wp-content\/uploads\/2018\/07\/Schmuck-aus-Holz-2_klein-300x200.jpg 300w, https:\/\/www.gastein.com\/blog\/wp-content\/uploads\/2018\/07\/Schmuck-aus-Holz-2_klein-768x511.jpg 768w, https:\/\/www.gastein.com\/blog\/wp-content\/uploads\/2018\/07\/Schmuck-aus-Holz-2_klein.jpg 1134w\" sizes=\"(max-width: 300px) 100vw, 300px\" \/><\/a>\n\t\t\t<\/div>\n\t\t\t\t<figcaption class='wp-caption-text gallery-caption' id='gallery-2-4240'>\n\t\t\t\tSchmuck aus Holz ist bei G\u00e4sten sehr beliebt.\n\t\t\t\t<\/figcaption><\/figure><figure class='gallery-item'>\n\t\t\t<div class='gallery-icon landscape'>\n\t\t\t\t<a href='https:\/\/www.gastein.com\/blog\/das-dorffest-mit-familiencharakter\/schmiedeskunst-3_klein\/'><img width=\"300\" height=\"200\" src=\"https:\/\/www.gastein.com\/blog\/wp-content\/uploads\/2018\/07\/Schmiedeskunst-3_klein-300x200.jpg\" class=\"attachment-medium size-medium\" alt=\"Dorffest Dorfgastein\" loading=\"lazy\" aria-describedby=\"gallery-2-4239\" srcset=\"https:\/\/www.gastein.com\/blog\/wp-content\/uploads\/2018\/07\/Schmiedeskunst-3_klein-300x200.jpg 300w, https:\/\/www.gastein.com\/blog\/wp-content\/uploads\/2018\/07\/Schmiedeskunst-3_klein-768x511.jpg 768w, https:\/\/www.gastein.com\/blog\/wp-content\/uploads\/2018\/07\/Schmiedeskunst-3_klein.jpg 1134w\" sizes=\"(max-width: 300px) 100vw, 300px\" \/><\/a>\n\t\t\t<\/div>\n\t\t\t\t<figcaption class='wp-caption-text gallery-caption' id='gallery-2-4239'>\n\t\t\t\tSchmiedeskunst aus dem Gasetinertal kann sich sehen lassen.\n\t\t\t\t<\/figcaption><\/figure><figure class='gallery-item'>\n\t\t\t<div class='gallery-icon landscape'>\n\t\t\t\t<a href='https:\/\/www.gastein.com\/blog\/das-dorffest-mit-familiencharakter\/korbflechter-1_klein\/'><img width=\"300\" height=\"200\" src=\"https:\/\/www.gastein.com\/blog\/wp-content\/uploads\/2018\/07\/Korbflechter-1_klein-300x200.jpg\" class=\"attachment-medium size-medium\" alt=\"Dorffest Dorfgastein\" loading=\"lazy\" aria-describedby=\"gallery-2-4238\" srcset=\"https:\/\/www.gastein.com\/blog\/wp-content\/uploads\/2018\/07\/Korbflechter-1_klein-300x200.jpg 300w, https:\/\/www.gastein.com\/blog\/wp-content\/uploads\/2018\/07\/Korbflechter-1_klein-768x511.jpg 768w, https:\/\/www.gastein.com\/blog\/wp-content\/uploads\/2018\/07\/Korbflechter-1_klein.jpg 1134w\" sizes=\"(max-width: 300px) 100vw, 300px\" \/><\/a>\n\t\t\t<\/div>\n\t\t\t\t<figcaption class='wp-caption-text gallery-caption' id='gallery-2-4238'>\n\t\t\t\tK\u00f6rbe sind Besonderheiten am Handwerksmarkt.\n\t\t\t\t<\/figcaption><\/figure><figure class='gallery-item'>\n\t\t\t<div class='gallery-icon landscape'>\n\t\t\t\t<a href='https:\/\/www.gastein.com\/blog\/das-dorffest-mit-familiencharakter\/dorffesttreiben-1_klein\/'><img width=\"300\" height=\"200\" src=\"https:\/\/www.gastein.com\/blog\/wp-content\/uploads\/2018\/07\/Dorffesttreiben-1_klein-300x200.jpg\" class=\"attachment-medium size-medium\" alt=\"Dorffest Dorfgastein\" loading=\"lazy\" aria-describedby=\"gallery-2-4235\" srcset=\"https:\/\/www.gastein.com\/blog\/wp-content\/uploads\/2018\/07\/Dorffesttreiben-1_klein-300x200.jpg 300w, https:\/\/www.gastein.com\/blog\/wp-content\/uploads\/2018\/07\/Dorffesttreiben-1_klein-768x511.jpg 768w, https:\/\/www.gastein.com\/blog\/wp-content\/uploads\/2018\/07\/Dorffesttreiben-1_klein.jpg 1134w\" sizes=\"(max-width: 300px) 100vw, 300px\" \/><\/a>\n\t\t\t<\/div>\n\t\t\t\t<figcaption class='wp-caption-text gallery-caption' id='gallery-2-4235'>\n\t\t\t\tAuch Schnitzerein gibts am Handwerksmarkt.\n\t\t\t\t<\/figcaption><\/figure>\n\t\t<\/div>\n\n<h2>Musik, Mode und Kinderprogramm<\/h2>\n<p>Unsere Dorfstra\u00dfe macht das Dorffest aus: \u201eAn jeder Ecke wird n\u00e4mlich musiziert\u201c, lacht Alex. Musik ist ein sehr wichtiger Teil des Gasteinertales, G\u00e4ste kommen auch deswegen her und ich rate jedem Besucher: Lasst euch auf ein wenig Volksmusik ein. Musik spricht n\u00e4mlich f\u00fcr sich alleine, wenn man ihr eine Chance gibt. Wer wissen will, was dieser Winter in Sachen Ski-Mode bringt, ist bei der Modeschau des Dorffestes am Samstag nicht ganz falsch. \u201eAuch die Trachten des Gasteinertales sind zu sehen\u201c, schw\u00e4rmt Alexandra. Das Dorffest ist selbstredend auch unter Familien sehr beliebt: \u201eBastelstation, Fotobox, Lachburg und Kletterturm sind f\u00fcr Spr\u00f6sslingen eine unendliche Spa\u00dfquelle.\u201c Ich als gro\u00dfes Kind bin bei diesen Attraktionen am liebsten dabei, m\u00f6glicherweise trefft ihr mich dort.<\/p>\n<figure id=\"attachment_4248\" aria-describedby=\"caption-attachment-4248\" style=\"width: 757px\" class=\"wp-caption alignnone\"><img loading=\"lazy\" class=\"size-full wp-image-4248\" src=\"https:\/\/www.gastein.com\/blog\/wp-content\/uploads\/2018\/07\/Umzug-23_klein.jpg\" alt=\"Dorffest Dorfgastein\" width=\"757\" height=\"1134\" srcset=\"https:\/\/www.gastein.com\/blog\/wp-content\/uploads\/2018\/07\/Umzug-23_klein.jpg 757w, https:\/\/www.gastein.com\/blog\/wp-content\/uploads\/2018\/07\/Umzug-23_klein-200x300.jpg 200w\" sizes=\"(max-width: 757px) 100vw, 757px\" \/><figcaption id=\"caption-attachment-4248\" class=\"wp-caption-text\">Einsam ist er beim Dorffest sicher nicht.<\/figcaption><\/figure>\n<figure id=\"attachment_4232\" aria-describedby=\"caption-attachment-4232\" style=\"width: 1100px\" class=\"wp-caption alignnone\"><img loading=\"lazy\" class=\"size-full wp-image-4232\" src=\"https:\/\/www.gastein.com\/blog\/wp-content\/uploads\/2018\/07\/Alpho\u0308rner-1klein.jpg\" alt=\"Dorffest Dorfgastein\" width=\"1100\" height=\"704\" srcset=\"https:\/\/www.gastein.com\/blog\/wp-content\/uploads\/2018\/07\/Alpho\u0308rner-1klein.jpg 1100w, https:\/\/www.gastein.com\/blog\/wp-content\/uploads\/2018\/07\/Alpho\u0308rner-1klein-300x192.jpg 300w, https:\/\/www.gastein.com\/blog\/wp-content\/uploads\/2018\/07\/Alpho\u0308rner-1klein-768x492.jpg 768w\" sizes=\"(max-width: 1100px) 100vw, 1100px\" \/><figcaption id=\"caption-attachment-4232\" class=\"wp-caption-text\">Alphornbl\u00e4ser beim Umzug.<\/figcaption><\/figure>\n<h2>Die Tombola und mein Beinahe-Ausfall<\/h2>\n<p>\u201eKannst du bitte ein Foto vom Hauptpreis der Tombola machen?\u201c, fragt mich Alex. \u201eLogisch!\u201c, entgegne ich. Ich hebe das schwere(!) E-Bike im Wert von 3.300 Euro aus dem Schaufenster, schiebe es nach drau\u00dfen und schie\u00dfe mit den Damen los. Neben dem E-Bike gibt es noch Gasteinertaler im Wert von 1.000 und 500 Euro zu gewinnen. Die Sonne tut ihr Werk, das Fieber steigt mir zu Kopfe und ich stehe mit Schwei\u00dfperlen auf der Stirn vor dem Tourismusverband in Dorfgastein. \u201eBrauchst noch ein Parkemed?\u201c, sorgt sich Alexandra? \u201eBitte gerne\u201c, antworte ich. \u201eBist du dir sicher, dass du jetzt noch Auto fahren kannst?\u201c, setzt Alex nach. \u201eIch hoffe schon\u201c, wimmere ich. Die Zwei haben mir sogar ein Bett angeboten und h\u00e4tten mich ein wenig schlafen lassen \u2013 echte Gasteiner Gastfreundschaft eben! Danke Alexandra und Alex f\u00fcr eure Hilfe und den Lesern w\u00fcnsche ich viel Spa\u00df beim Dorffest.<\/p>\n<figure id=\"attachment_4231\" aria-describedby=\"caption-attachment-4231\" style=\"width: 1100px\" class=\"wp-caption alignnone\"><img loading=\"lazy\" class=\"size-full wp-image-4231\" src=\"https:\/\/www.gastein.com\/blog\/wp-content\/uploads\/2018\/07\/Alex-und-Alex-Rad-klein.jpg\" alt=\"Dorffest Dorfgastein\" width=\"1100\" height=\"750\" srcset=\"https:\/\/www.gastein.com\/blog\/wp-content\/uploads\/2018\/07\/Alex-und-Alex-Rad-klein.jpg 1100w, https:\/\/www.gastein.com\/blog\/wp-content\/uploads\/2018\/07\/Alex-und-Alex-Rad-klein-300x205.jpg 300w, https:\/\/www.gastein.com\/blog\/wp-content\/uploads\/2018\/07\/Alex-und-Alex-Rad-klein-768x524.jpg 768w\" sizes=\"(max-width: 1100px) 100vw, 1100px\" \/><figcaption id=\"caption-attachment-4231\" class=\"wp-caption-text\">Alex und Alexandra mit dem Hauptpreis der Tomboloa, ein E-Bike.<\/figcaption><\/figure>\n<figure id=\"attachment_4230\" aria-describedby=\"caption-attachment-4230\" style=\"width: 1100px\" class=\"wp-caption alignnone\"><img loading=\"lazy\" class=\"size-full wp-image-4230\" src=\"https:\/\/www.gastein.com\/blog\/wp-content\/uploads\/2018\/07\/Alex-Tresen_klein.jpg\" alt=\"Dorffest Dorfgastein\" width=\"1100\" height=\"709\" srcset=\"https:\/\/www.gastein.com\/blog\/wp-content\/uploads\/2018\/07\/Alex-Tresen_klein.jpg 1100w, https:\/\/www.gastein.com\/blog\/wp-content\/uploads\/2018\/07\/Alex-Tresen_klein-300x193.jpg 300w, https:\/\/www.gastein.com\/blog\/wp-content\/uploads\/2018\/07\/Alex-Tresen_klein-768x495.jpg 768w\" sizes=\"(max-width: 1100px) 100vw, 1100px\" \/><figcaption id=\"caption-attachment-4230\" class=\"wp-caption-text\">Alexandra hinterm Tresen im Tourismusverband.<\/figcaption><\/figure>\n<figure id=\"attachment_4229\" aria-describedby=\"caption-attachment-4229\" style=\"width: 1100px\" class=\"wp-caption alignnone\"><img loading=\"lazy\" class=\"size-full wp-image-4229\" src=\"https:\/\/www.gastein.com\/blog\/wp-content\/uploads\/2018\/07\/Alex-Arbeit_klein.jpg\" alt=\"Dorffest Dorfgastein\" width=\"1100\" height=\"733\" srcset=\"https:\/\/www.gastein.com\/blog\/wp-content\/uploads\/2018\/07\/Alex-Arbeit_klein.jpg 1100w, https:\/\/www.gastein.com\/blog\/wp-content\/uploads\/2018\/07\/Alex-Arbeit_klein-300x200.jpg 300w, https:\/\/www.gastein.com\/blog\/wp-content\/uploads\/2018\/07\/Alex-Arbeit_klein-768x512.jpg 768w\" sizes=\"(max-width: 1100px) 100vw, 1100px\" \/><figcaption id=\"caption-attachment-4229\" class=\"wp-caption-text\">Alex bei den letzten Vorbereitung zum Dorffest.<\/figcaption><\/figure>\n<p>&nbsp;<\/p>\n<p>Egal ob Hotel, Pension, Urlaub am Bauernhof oder Ferienwohnung. <a href=\"https:\/\/www.gastein.com\/unterkuenfte\/suchen-buchen\/\" target=\"_blank\" rel=\"noopener\">Hier finden Sie die passende Unterkunft f\u00fcr Ihren Urlaub in Gastein.<\/a><\/p>\n","protected":false},"excerpt":{"rendered":"<p>3.000 Besucher des 36. Dorffestes (4.-5. August 2018) in Dorfgastein k\u00f6nnen nicht irren: Sie sch\u00e4tzen das dezente Feiern mit Musik, den gro\u00dfen Festumzug, das traditionelle Handwerk, regionale Speisen und die Dorfgemeinschaft hinter dem Fest. Liebe Leser, nichts wie hin!<\/p>\n","protected":false},"author":7,"featured_media":4244,"comment_status":"closed","ping_status":"closed","sticky":false,"template":"","format":"standard","meta":[],"categories":[34],"tags":[96,67],"_links":{"self":[{"href":"https:\/\/www.gastein.com\/blog\/wp-json\/wp\/v2\/posts\/4225"}],"collection":[{"href":"https:\/\/www.gastein.com\/blog\/wp-json\/wp\/v2\/posts"}],"about":[{"href":"https:\/\/www.gastein.com\/blog\/wp-json\/wp\/v2\/types\/post"}],"author":[{"embeddable":true,"href":"https:\/\/www.gastein.com\/blog\/wp-json\/wp\/v2\/users\/7"}],"replies":[{"embeddable":true,"href":"https:\/\/www.gastein.com\/blog\/wp-json\/wp\/v2\/comments?post=4225"}],"version-history":[{"count":26,"href":"https:\/\/www.gastein.com\/blog\/wp-json\/wp\/v2\/posts\/4225\/revisions"}],"predecessor-version":[{"id":6544,"href":"https:\/\/www.gastein.com\/blog\/wp-json\/wp\/v2\/posts\/4225\/revisions\/6544"}],"wp:featuredmedia":[{"embeddable":true,"href":"https:\/\/www.gastein.com\/blog\/wp-json\/wp\/v2\/media\/4244"}],"wp:attachment":[{"href":"https:\/\/www.gastein.com\/blog\/wp-json\/wp\/v2\/media?parent=4225"}],"wp:term":[{"taxonomy":"category","embeddable":true,"href":"https:\/\/www.gastein.com\/blog\/wp-json\/wp\/v2\/categories?post=4225"},{"taxonomy":"post_tag","embeddable":true,"href":"https:\/\/www.gastein.com\/blog\/wp-json\/wp\/v2\/tags?post=4225"}],"curies":[{"name":"wp","href":"https:\/\/api.w.org\/{rel}","templated":true}]}}