{"id":3379,"date":"2020-12-06T08:02:07","date_gmt":"2020-12-06T07:02:07","guid":{"rendered":"https:\/\/www.gastein.com\/blog\/?p=3379\/"},"modified":"2025-06-16T17:13:59","modified_gmt":"2025-06-16T15:13:59","slug":"raeuchern-mit-heimischen-kraeutern","status":"publish","type":"post","link":"https:\/\/www.gastein.com\/blog\/raeuchern-mit-heimischen-kraeutern\/","title":{"rendered":"R\u00e4uchern mit Kr\u00e4utern &#8211; F\u00fcr die (Lebens-)Geister"},"content":{"rendered":"<h1>R\u00e4uchern mit Kr\u00e4utern aus der Natur<\/h1>\n<p><em>Geister, Energien und Schwingungen \u2013 alles nur Quatsch? Schon m\u00f6glich. Aber vom alten Geisterwissen der Alpenbewohner k\u00f6nnen wir auch heute noch einiges lernen. Etwa das R\u00e4uchern. Denn das tut mindestens den eigenen Lebensgeistern gut.<\/em><\/p>\n<h3><b>Der alte Trick mit dem wohltuenden Rauch<\/b><\/h3>\n<p>Manchmal kehrt beinahe unbemerkt uraltes, fast vergessenes Wissen in unsere Gegenwart zur\u00fcck &#8211; oft unter neuen Namen und in neuen Formen. Unsere Vorfahren besch\u00e4ftigten sich zum Beispiel in den l\u00e4ngsten Wintern\u00e4chten mit den &#8222;Geistern&#8220;&#8230; Wir sprechen heute eher von &#8222;Energien&#8220; oder &#8222;Schwingungen&#8220;, die in R\u00e4umen und Gegenden zu sp\u00fcren sind. Denn das kennt schlie\u00dflich jeder: Dass man sich in einem Zimmer spontan unwohl f\u00fchlt &#8211; oder in den Ortschaften eines sch\u00f6nen Tals auf Anhieb wohl und inspiriert \ud83d\ude09<\/p>\n<p>Ob nun etwas ganz Reales dahintersteckt, oder es eher ein angenehmer Placebo-Effekt ist: In Form von Feng Shui oder auch kunstfertig eingesetztem R\u00e4ucherwerk ist der Umgang mit Energien in den R\u00e4umen, die wir bewohnen, l\u00e4ngst <strong>ein kleiner Trend<\/strong>.<\/p>\n<figure id=\"attachment_3511\" aria-describedby=\"caption-attachment-3511\" style=\"width: 758px\" class=\"wp-caption aligncenter\"><a href=\"https:\/\/www.gastein.com\/blog\/wp-content\/uploads\/2017\/12\/rauhn\u00e4chte-r\u00e4uchern.png\"><img loading=\"lazy\" class=\"size-full wp-image-3511\" src=\"https:\/\/www.gastein.com\/blog\/wp-content\/uploads\/2017\/12\/rauhn\u00e4chte-r\u00e4uchern.png\" alt=\"\" width=\"758\" height=\"566\" srcset=\"https:\/\/www.gastein.com\/blog\/wp-content\/uploads\/2017\/12\/rauhn\u00e4chte-r\u00e4uchern.png 758w, https:\/\/www.gastein.com\/blog\/wp-content\/uploads\/2017\/12\/rauhn\u00e4chte-r\u00e4uchern-300x224.png 300w\" sizes=\"(max-width: 758px) 100vw, 758px\" \/><\/a><figcaption id=\"caption-attachment-3511\" class=\"wp-caption-text\">Blauer Salbei zur energetischen Reinigung von R\u00e4umen.<\/figcaption><\/figure>\n<p>Vor allem das <strong>R\u00e4uchern<\/strong> ist mein pers\u00f6nlicher Tipp: Ich r\u00e4uchere zum Beispiel gerne neue Wohnr\u00e4ume aus, bevor ich einziehe &#8211; genauso, wie das mittlerweile viele Hotels tun, wenn neue G\u00e4ste einziehen&#8230; Was f\u00fcr ein passender Zufall es da ist, dass man sich gerade im Gasteiner Tal mit der R\u00e4ucherei schon seit Jahrhunderten auskennt. Und dass genau jetzt, <strong>Ende Dezember<\/strong>, ein traditioneller <strong>&#8222;R\u00e4uchertermin&#8220;<\/strong> naht.<\/p>\n<h3><b>Das R\u00e4uchern geh\u00f6rt zu den Rauhn\u00e4chten \u2013 bis heute<\/b><\/h3>\n<p>Denn nun, <strong>zwischen Weihnachten und Heilig Drei K\u00f6nig<\/strong> kommt eine ganz spezielle Zeit&#8230; F\u00fcr uns moderne Menschen sind es die &#8222;Tage zwischen den Jahren&#8220;, die &#8211; Zufall oder nicht &#8211; f\u00fcr viele immer noch eine arbeitsfreie Zeit sind, in der das alte Jahr verarbeitet und das neue mit Vors\u00e4tzen und gem\u00fctlichen Runden mit Familie und Freunden willkommen gehei\u00dfen wird. F\u00fcr die Bewohner der Alpen waren diese Tage seit langer, langer Zeit schon: Die <strong>&#8222;Rauhn\u00e4chte&#8220;<\/strong>.<\/p>\n<figure id=\"attachment_3512\" aria-describedby=\"caption-attachment-3512\" style=\"width: 1075px\" class=\"wp-caption alignnone\"><a href=\"https:\/\/www.gastein.com\/blog\/wp-content\/uploads\/2017\/12\/rauhn\u00e4chte-weihnachtsmann.png\"><img loading=\"lazy\" class=\"size-full wp-image-3512\" src=\"https:\/\/www.gastein.com\/blog\/wp-content\/uploads\/2017\/12\/rauhn\u00e4chte-weihnachtsmann.png\" alt=\"\" width=\"1075\" height=\"716\" srcset=\"https:\/\/www.gastein.com\/blog\/wp-content\/uploads\/2017\/12\/rauhn\u00e4chte-weihnachtsmann.png 1075w, https:\/\/www.gastein.com\/blog\/wp-content\/uploads\/2017\/12\/rauhn\u00e4chte-weihnachtsmann-300x200.png 300w, https:\/\/www.gastein.com\/blog\/wp-content\/uploads\/2017\/12\/rauhn\u00e4chte-weihnachtsmann-768x512.png 768w\" sizes=\"(max-width: 1075px) 100vw, 1075px\" \/><\/a><figcaption id=\"caption-attachment-3512\" class=\"wp-caption-text\">Das R\u00e4uchern modern interpretiert mit R\u00e4ucherkegeln &amp; R\u00e4ucherm\u00e4nnchen.<\/figcaption><\/figure>\n<p>Sehen kann man das bis heute an einem alten Brauch: In diesen Tagen ziehen die <strong><a href=\"https:\/\/www.gastein.com\/blog\/gasteiner-perchten\/\" target=\"_blank\" rel=\"noopener\">Perchten<\/a><\/strong> in ihren Kost\u00fcmen umher. Mystische und sagenhafte Figuren sind das, die die Wintergeister in die Flucht treiben und Gl\u00fcck und Gesundheit f\u00fcr das neue Jahr bringen sollen. Eigentlich haben die Rauhn\u00e4chte ihren Namen aber (genau!) vom &#8222;R\u00e4uchern&#8220;. So lautet zumindest eine g\u00e4ngige These. Denn im Mittelalter wurden zu dieser Zeit St\u00e4lle und Wohnr\u00e4ume mit Weihrauch ausger\u00e4uchert. Gegen &#8222;alle te\u00fcfel gespenst vnd zauberey&#8220;, wie die s\u00fcddeutschen Chronisten Sebastian Franck und Johannes B\u00f6hm im 16. Jahrhundert notierten.<\/p>\n<p>Man glaubte damals, dass die \u201eGeister\u201c in diesen l\u00e4ngsten N\u00e4chten des Jahres besonders nahe sind. Aber auch, wer da nicht so ganz zustimmen will, hat jetzt eine gute Gelegenheit, das mit dem R\u00e4uchern mal auszuprobieren. Und nat\u00fcrlich muss es nicht unbedingt Weihrauch sein. Schlie\u00dflich ist es im Gasteiner Tal ganz besonders gem\u00fctlich, nach einem Schneespaziergang im warmen Zimmer zu sitzen und eine entspannende R\u00e4uchermischung aus besonderem Holz oder Kr\u00e4utern ihren Duft verstr\u00f6men zu lassen.<\/p>\n<div id='gallery-1' class='gallery galleryid-3379 gallery-columns-2 gallery-size-full'><figure class='gallery-item'>\n\t\t\t<div class='gallery-icon portrait'>\n\t\t\t\t<a href='https:\/\/www.gastein.com\/blog\/rauhnaechte-gasteinertal-2\/'><img width=\"1124\" height=\"1500\" src=\"https:\/\/www.gastein.com\/blog\/wp-content\/uploads\/2017\/12\/rauhn\u00e4chte-gasteinertal-2.jpg\" class=\"attachment-full size-full\" alt=\"\" loading=\"lazy\" srcset=\"https:\/\/www.gastein.com\/blog\/wp-content\/uploads\/2017\/12\/rauhn\u00e4chte-gasteinertal-2.jpg 1124w, https:\/\/www.gastein.com\/blog\/wp-content\/uploads\/2017\/12\/rauhn\u00e4chte-gasteinertal-2-225x300.jpg 225w, https:\/\/www.gastein.com\/blog\/wp-content\/uploads\/2017\/12\/rauhn\u00e4chte-gasteinertal-2-768x1025.jpg 768w\" sizes=\"(max-width: 1124px) 100vw, 1124px\" \/><\/a>\n\t\t\t<\/div><\/figure><figure class='gallery-item'>\n\t\t\t<div class='gallery-icon portrait'>\n\t\t\t\t<a href='https:\/\/www.gastein.com\/blog\/rauhnaechte-gasteinertal-1\/'><img width=\"1125\" height=\"1500\" src=\"https:\/\/www.gastein.com\/blog\/wp-content\/uploads\/2017\/12\/rauhn\u00e4chte-gasteinertal-1.jpg\" class=\"attachment-full size-full\" alt=\"\" loading=\"lazy\" srcset=\"https:\/\/www.gastein.com\/blog\/wp-content\/uploads\/2017\/12\/rauhn\u00e4chte-gasteinertal-1.jpg 1125w, https:\/\/www.gastein.com\/blog\/wp-content\/uploads\/2017\/12\/rauhn\u00e4chte-gasteinertal-1-225x300.jpg 225w, https:\/\/www.gastein.com\/blog\/wp-content\/uploads\/2017\/12\/rauhn\u00e4chte-gasteinertal-1-768x1024.jpg 768w\" sizes=\"(max-width: 1125px) 100vw, 1125px\" \/><\/a>\n\t\t\t<\/div><\/figure>\n\t\t<\/div>\n\n<h3>Weite Welt und das alte Wissen der Einheimischen<\/h3>\n<p>Ganz nach eigenem Gusto kann man sich dabei auch ein St\u00fcck gro\u00dfe weite Welt in die Stube holen \u2013 zum Beispiel mit \u201ePalo Santo\u201c, \u201eheiligem Holz\u201c der Ureinwohner S\u00fcdamerikas. Oder mit heimischen Kr\u00e4utermischungen aus dem Gasteiner Tal und der Umgebung ein St\u00fcck Tradition schnuppern.<\/p>\n<p>F\u00fcr Zweiteres gibt es sogar eine ausgewiesene Expertin im Tal: <strong><a href=\"http:\/\/www.muehlhof.at\/aktuelles\/\" target=\"_blank\" rel=\"noopener\">Kr\u00e4uterp\u00e4dagogin Heidi Huber vom M\u00fchlhof<\/a><\/strong>\u00a0gibt immer wieder in kleinen Workshops Einblicke in die alte und neue Kunst des R\u00e4ucherns mit ganz besonderen einheimischen Pflanzen.<\/p>\n<p>Und eins steht fest: Wer die passende R\u00e4uchermischung findet, dem kann vor lauter Wohlsein anschlie\u00dfend weder ein Geist, noch eine noch so miese Schwingung oder Energie etwas anhaben. Es ist also etwas dran, am alten R\u00e4ucher-Wissen \u2013 versprochen.<\/p>\n<p>Copyright Text &amp; Fotos: <a href=\"https:\/\/www.gastein.com\/blog\/author\/nadine-brendel\/\">Nadin Brendel<\/a>\u00a0und Rachel Demy f\u00fcr\u00a0<a href=\"http:\/\/www.studio5640.com\" target=\"_blank\" rel=\"noopener\">Studio5640.com in Bad Gastein<\/a><\/p>\n<p>Egal ob Hotel, Pension, Urlaub am Bauernhof oder Ferienwohnung. <a href=\"https:\/\/www.gastein.com\/unterkuenfte\/suchen-buchen\/\" target=\"_blank\" rel=\"noopener\">Hier finden Sie die passende Unterkunft f\u00fcr Ihren Urlaub in Gastein.<\/a><\/p>\n","protected":false},"excerpt":{"rendered":"<p>Geister, Energien und Schwingungen \u2013 nur Quatsch? Schon m\u00f6glich. Vom alten Geisterwissen der Alpenbewohner k\u00f6nnen wir noch viel lernen. Etwa das R\u00e4uchern.<\/p>\n","protected":false},"author":6,"featured_media":3510,"comment_status":"closed","ping_status":"closed","sticky":false,"template":"","format":"standard","meta":[],"categories":[34],"tags":[67],"_links":{"self":[{"href":"https:\/\/www.gastein.com\/blog\/wp-json\/wp\/v2\/posts\/3379"}],"collection":[{"href":"https:\/\/www.gastein.com\/blog\/wp-json\/wp\/v2\/posts"}],"about":[{"href":"https:\/\/www.gastein.com\/blog\/wp-json\/wp\/v2\/types\/post"}],"author":[{"embeddable":true,"href":"https:\/\/www.gastein.com\/blog\/wp-json\/wp\/v2\/users\/6"}],"replies":[{"embeddable":true,"href":"https:\/\/www.gastein.com\/blog\/wp-json\/wp\/v2\/comments?post=3379"}],"version-history":[{"count":11,"href":"https:\/\/www.gastein.com\/blog\/wp-json\/wp\/v2\/posts\/3379\/revisions"}],"predecessor-version":[{"id":6563,"href":"https:\/\/www.gastein.com\/blog\/wp-json\/wp\/v2\/posts\/3379\/revisions\/6563"}],"wp:featuredmedia":[{"embeddable":true,"href":"https:\/\/www.gastein.com\/blog\/wp-json\/wp\/v2\/media\/3510"}],"wp:attachment":[{"href":"https:\/\/www.gastein.com\/blog\/wp-json\/wp\/v2\/media?parent=3379"}],"wp:term":[{"taxonomy":"category","embeddable":true,"href":"https:\/\/www.gastein.com\/blog\/wp-json\/wp\/v2\/categories?post=3379"},{"taxonomy":"post_tag","embeddable":true,"href":"https:\/\/www.gastein.com\/blog\/wp-json\/wp\/v2\/tags?post=3379"}],"curies":[{"name":"wp","href":"https:\/\/api.w.org\/{rel}","templated":true}]}}